{"id":350214,"date":"2025-08-28T15:22:10","date_gmt":"2025-08-28T15:22:10","guid":{"rendered":"https:\/\/www.europesays.com\/fr\/350214\/"},"modified":"2025-08-28T15:22:10","modified_gmt":"2025-08-28T15:22:10","slug":"grenoble-retire-temporairement-le-thon-des-cantines-scolaires-en-raison-du-risque-de-mercure","status":"publish","type":"post","link":"https:\/\/www.europesays.com\/fr\/350214\/","title":{"rendered":"Grenoble retire temporairement le thon des cantines scolaires en raison du risque de mercure"},"content":{"rendered":"<p itemprop=\"description\"><strong>Face aux risques li\u00e9s \u00e0 la contamination au mercure, Grenoble, aux c\u00f4t\u00e9s de Lyon, Paris, et six autres villes, a d\u00e9cid\u00e9 de retirer temporairement le thon des menus des cantines scolaires.<\/strong><\/p>\n<p>Cette d\u00e9cision de pr\u00e9caution vise \u00e0 prot\u00e9ger les enfants contre l\u2019exposition \u00e0 ce m\u00e9tal neurotoxique pr\u00e9occupant, selon l\u2019Organisation mondiale de la Sant\u00e9.\u00a0<\/p>\n<p>Cette action fait suite au rapport des ONG Bloom et Foodwatch, publi\u00e9 en octobre 2024, qui a r\u00e9v\u00e9l\u00e9 que 100\u202f% des 148 bo\u00eetes de thon en conserve test\u00e9es \u00e9taient contamin\u00e9es au mercure. Environ 57\u202f% d\u00e9passaient le seuil de 0,3\u202fmg\/kg, valeur applicable \u00e0 d\u2019autres poissons plus r\u00e9glement\u00e9s, mais non au thon.\u00a0<\/p>\n<p>Les municipalit\u00e9s concern\u00e9es d\u00e9noncent l\u2019absence de r\u00e9action des autorit\u00e9s nationales et europ\u00e9ennes, ainsi que de l\u2019industrie du thon. Elles demandent un abaissement du seuil autoris\u00e9 de mercure dans le thon pour davantage de protection sanitaire, notamment pour les enfants.\u00a0<\/p>\n<p>\u00c0 Grenoble, comme ailleurs, l\u2019exclusion du thon s\u2019accompagne d\u2019alternatives alimentaires dans les menus scolaires, en attendant une mise \u00e0 jour des normes r\u00e9glementaires, plus strictes qu\u2019actuellement, o\u00f9 la limite pour le thon reste fix\u00e9e \u00e0 1\u202fmg\/kg pour le produit frais.<\/p>\n","protected":false},"excerpt":{"rendered":"Face aux risques li\u00e9s \u00e0 la contamination au mercure, Grenoble, aux c\u00f4t\u00e9s de Lyon, Paris, et six autres&hellip;\n","protected":false},"author":2,"featured_media":350215,"comment_status":"","ping_status":"","sticky":false,"template":"","format":"standard","meta":{"footnotes":""},"categories":[9566],"tags":[1111,11,7733,8279,2430,7736,650,7734,2889,2263,1777,674,1011,27,2731,8280,6417,1114,108,4662,12,3725,1825,25,7737],"class_list":{"0":"post-350214","1":"post","2":"type-post","3":"status-publish","4":"format-standard","5":"has-post-thumbnail","7":"category-grenoble","8":"tag-actu","9":"tag-actualites","10":"tag-alpes","11":"tag-alpes1","12":"tag-auvergne-rhone-alpes","13":"tag-cds","14":"tag-cinema","15":"tag-ecoute","16":"tag-emission","17":"tag-equipe","18":"tag-eu","19":"tag-europe","20":"tag-fr","21":"tag-france","22":"tag-grenoble","23":"tag-haute","24":"tag-information","25":"tag-infos","26":"tag-isere","27":"tag-journal","28":"tag-news","29":"tag-podcast","30":"tag-radio","31":"tag-republique-francaise","32":"tag-winamp"},"share_on_mastodon":{"url":"https:\/\/pubeurope.com\/@fr\/115107079449366710","error":""},"_links":{"self":[{"href":"https:\/\/www.europesays.com\/fr\/wp-json\/wp\/v2\/posts\/350214","targetHints":{"allow":["GET"]}}],"collection":[{"href":"https:\/\/www.europesays.com\/fr\/wp-json\/wp\/v2\/posts"}],"about":[{"href":"https:\/\/www.europesays.com\/fr\/wp-json\/wp\/v2\/types\/post"}],"author":[{"embeddable":true,"href":"https:\/\/www.europesays.com\/fr\/wp-json\/wp\/v2\/users\/2"}],"replies":[{"embeddable":true,"href":"https:\/\/www.europesays.com\/fr\/wp-json\/wp\/v2\/comments?post=350214"}],"version-history":[{"count":0,"href":"https:\/\/www.europesays.com\/fr\/wp-json\/wp\/v2\/posts\/350214\/revisions"}],"wp:featuredmedia":[{"embeddable":true,"href":"https:\/\/www.europesays.com\/fr\/wp-json\/wp\/v2\/media\/350215"}],"wp:attachment":[{"href":"https:\/\/www.europesays.com\/fr\/wp-json\/wp\/v2\/media?parent=350214"}],"wp:term":[{"taxonomy":"category","embeddable":true,"href":"https:\/\/www.europesays.com\/fr\/wp-json\/wp\/v2\/categories?post=350214"},{"taxonomy":"post_tag","embeddable":true,"href":"https:\/\/www.europesays.com\/fr\/wp-json\/wp\/v2\/tags?post=350214"}],"curies":[{"name":"wp","href":"https:\/\/api.w.org\/{rel}","templated":true}]}}