{"id":350216,"date":"2025-08-28T15:23:18","date_gmt":"2025-08-28T15:23:18","guid":{"rendered":"https:\/\/www.europesays.com\/fr\/350216\/"},"modified":"2025-08-28T15:23:18","modified_gmt":"2025-08-28T15:23:18","slug":"5-bonnes-raisons-dassister-a-lopen-blot-de-tennis","status":"publish","type":"post","link":"https:\/\/www.europesays.com\/fr\/350216\/","title":{"rendered":"5 bonnes raisons d\u2019assister \u00e0 l\u2019Open Blot de Tennis"},"content":{"rendered":"<p class=\"post__data\">\n    Publi\u00e9 le 28 ao\u00fbt 2025 par Fabrice Mazoir<\/p>\n<p>        Pendant une semaine, les meilleurs joueurs s\u2019affrontent \u00e0 Rennes<\/p>\n<p>        <img loading=\"lazy\" width=\"1024\" height=\"683\" src=\"data:image\/svg+xml,%3Csvg%20xmlns=\" http:=\"\" class=\"wp-post-image wp-post-image\" alt=\"Match de tennis \u00e0 l'Open Blot de Rennes au Libert\u00e9.\" decoding=\"async\" data-lazy- data-lazy- data-lazy-src=\"https:\/\/www.europesays.com\/fr\/wp-content\/uploads\/2025\/08\/Court-open-rennes-1024x683.jpeg\"\/><br \/>\n                \u00a9 Open Blot Rennes &#8211; Benjamin Croizet            <\/p>\n<p>Chaque mois de septembre, l\u2019Open Blot Rennes r\u00e9unit 32 joueurs professionnels pour un tournoi de tennis indoor de plus en plus relev\u00e9. Labellis\u00e9 \u00ab ATP Challenger 100 \u00bb, cet \u00e9v\u00e9nement sportif est vite devenu incontournable depuis sa cr\u00e9ation en 2006. La 19\u00e8me \u00e9dition a lieu du 8 au 14 septembre 2025 au Libert\u00e9 et \u00e0 la salle Colette Besson.<\/p>\n<p>1. Pour voir des champions \u00ab\u00a0en vrai\u00a0\u00bb<\/p>\n<p><img fetchpriority=\"high\" decoding=\"async\" width=\"1024\" height=\"683\" src=\"data:image\/svg+xml,%3Csvg%20xmlns=\" http:=\"\" alt=\"Open de Tennis de Rennes, match de Andy Murray contre Roman Safiullin\" class=\"wp-image-59210\" data-lazy- data-lazy- data-lazy-src=\"https:\/\/www.europesays.com\/fr\/wp-content\/uploads\/2025\/08\/Open-rennes-murray-1024x683.jpeg\"\/>Andy Murrray \u00e0 l\u2019Open Rennes en 2021 \u00a9 Rennes Ville et M\u00e9tropole \u2013 Arnaud Loubry<\/p>\n<p>Andy Murray, Dominic Thiem, Jo-Wilfried Tsonga, Micha\u00ebl Llodra, Nicolas Mahut, Alexander Zverev, Stefanos Tsitsipas\u2026 Ces champions ont pour point commun d\u2019avoir jou\u00e9 \u00e0 l\u2019Open de Rennes ces derni\u00e8res ann\u00e9es. En 2025, d\u2019autres grands noms de la petite balle jaune sont attendus\u00a0: le Suisse Stan Wawrinka et une belle brochette de joueurs tricolores (Hugo Gaston, Adrian Mannarino et Pierre-Hugues Herbert, entres autres). L\u2019occasion de les voir jouer en vrai, au plus pr\u00e8s du court dans la <a href=\"https:\/\/www.tourisme-rennes.com\/sortir\/le-liberte\/\" rel=\"nofollow noopener\" target=\"_blank\">salle du Libert\u00e9<\/a>.<\/p>\n<p>2. Pour vivre un \u00e9v\u00e9nement sportif et festif<\/p>\n<p><img loading=\"lazy\" decoding=\"async\" width=\"1024\" height=\"683\" src=\"data:image\/svg+xml,%3Csvg%20xmlns=\" http:=\"\" alt=\"\" class=\"wp-image-59257\" data-lazy- data-lazy- data-lazy-src=\"https:\/\/www.europesays.com\/fr\/wp-content\/uploads\/2025\/08\/Village-open-blot-1024x683.jpeg\"\/>\u00a9 Rennes Ville et M\u00e9tropole \u2013 Franck Hamon<\/p>\n<p>Un tournoi de tennis en centre-ville, c\u2019est possible \u00e0 Rennes. Dans la salle du Libert\u00e9, proche de la gare et accessible facilement en m\u00e9tro, en bus, \u00e0 pied ou \u00e0 v\u00e9lo. Quand au village de l\u2019Open, il est accessible gratuitement, m\u00eame si vous n\u2019avez pas de places pour assister aux matchs. Au programme\u00a0: des animations, <a href=\"https:\/\/www.openderennes.org\/restauration\" target=\"_blank\" rel=\"noreferrer noopener nofollow\">de la restauration<\/a> \u2013 avec notamment le bistrot festif du B\u00e9ret \u2013 et chaque soir des concerts, des DJs et m\u00eame un karaok\u00e9 g\u00e9ant le vendredi.<\/p>\n<p>3. Pour assister \u00e0 des matchs de haut niveau \u00e0 des tarifs abordables<\/p>\n<p><img loading=\"lazy\" decoding=\"async\" width=\"1024\" height=\"683\" src=\"data:image\/svg+xml,%3Csvg%20xmlns=\" http:=\"\" alt=\"\" class=\"wp-image-59258\" data-lazy- data-lazy- data-lazy-src=\"https:\/\/www.europesays.com\/fr\/wp-content\/uploads\/2025\/08\/Court-tennsi-liberte-1024x683.jpeg\"\/>\u00a9 Open Blot Rennes \u2013 Benjamin Croizet<\/p>\n<p>C\u00f4t\u00e9 tarif, l\u2019Open de Rennes se veut \u00e9galement accessible avec des tarifs r\u00e9duit pour les \u00e9tudiants, enfants de moins de 13 ans et titulaires de la carte Sortir \u00e0 4\u20ac la journ\u00e9e. Autre bon plan\u00a0: le pack famille pour 1 adulte et deux ados jusqu\u2019\u00e0 17 ans \u00e0 27\u20ac. Mais vous pouvez aussi assister \u00e0 des matchs gratuitement\u2026<\/p>\n<p>4. Pour l\u2019acc\u00e8s gratuit \u00e0 la salle Colette Besson<\/p>\n<p><img loading=\"lazy\" decoding=\"async\" width=\"1024\" height=\"683\" src=\"data:image\/svg+xml,%3Csvg%20xmlns=\" http:=\"\" alt=\"\" class=\"wp-image-59259\" data-lazy- data-lazy- data-lazy-src=\"https:\/\/www.europesays.com\/fr\/wp-content\/uploads\/2025\/08\/Match-open-rennes-1024x683.jpeg\"\/>\u00a9 Open Blot Rennes \u2013 Benjamin Croizet<\/p>\n<p>Sur le court annexe \u00e0 la salle Colette Besson (dans le quartier Br\u00e9quigny), l\u2019acc\u00e8s est gratuit pour tout le monde d\u00e8s le dimanche et jusqu\u2019au jeudi. Dans cette salle omnisports o\u00f9 l\u2019histoire de l\u2019Open a commenc\u00e9 il y a pr\u00e8s de 20 ans, ont lieu des matchs de qualifications, mais aussi des matchs de premier et deuxi\u00e8me tour, ainsi que des quarts de finale en simple et double.<\/p>\n<p>5. Pour suivre un tournoi engag\u00e9 et responsable<\/p>\n<p><img loading=\"lazy\" decoding=\"async\" width=\"1024\" height=\"972\" src=\"data:image\/svg+xml,%3Csvg%20xmlns=\" http:=\"\" alt=\"actions sociales de l'Open Blot Rennes en faveur de l'inclusion\" class=\"wp-image-59256\" data-lazy- data-lazy- data-lazy-src=\"https:\/\/www.europesays.com\/fr\/wp-content\/uploads\/2025\/08\/Open-actions-handisport-1024x972.jpeg\"\/>\u00a9 Open Blot Rennes \u2013 Benjamin Croizet<\/p>\n<p>Au-del\u00e0 de la comp\u00e9tition, l\u2019Open se veut exemplaire et tr\u00e8s engag\u00e9\u00a0: que ce soit au niveau de l\u2019organisation de l\u2019\u00e9v\u00e9nement au niveau des transports, de la restauration, de la r\u00e9duction et du tri des d\u00e9chets\u2026 Mais aussi toute l\u2019ann\u00e9e \u00e0 travers d\u2019op\u00e9rations sociales pour faciliter l\u2019acc\u00e8s au sport au plus grand nombre. Enfin \u00e0 travers des actions caritatives pendant la semaine de l\u2019Open, gr\u00e2ce aux ventes aux ench\u00e8res et \u00e0 l\u2019op\u00e9ration Aces solidaires, l\u2019\u00e9v\u00e9nement permet de distribuer des dons \u00e0 des associations.<\/p>\n<p>Informations pratiques<\/p>\n","protected":false},"excerpt":{"rendered":"Publi\u00e9 le 28 ao\u00fbt 2025 par Fabrice Mazoir Pendant une semaine, les meilleurs joueurs s\u2019affrontent \u00e0 Rennes \u00a9&hellip;\n","protected":false},"author":2,"featured_media":350217,"comment_status":"","ping_status":"","sticky":false,"template":"","format":"standard","meta":{"footnotes":""},"categories":[2821],"tags":[1111,11,829,1777,674,1011,27,12,584,25],"class_list":{"0":"post-350216","1":"post","2":"type-post","3":"status-publish","4":"format-standard","5":"has-post-thumbnail","7":"category-rennes","8":"tag-actu","9":"tag-actualites","10":"tag-bretagne","11":"tag-eu","12":"tag-europe","13":"tag-fr","14":"tag-france","15":"tag-news","16":"tag-rennes","17":"tag-republique-francaise"},"share_on_mastodon":{"url":"https:\/\/pubeurope.com\/@fr\/115107083271711394","error":""},"_links":{"self":[{"href":"https:\/\/www.europesays.com\/fr\/wp-json\/wp\/v2\/posts\/350216","targetHints":{"allow":["GET"]}}],"collection":[{"href":"https:\/\/www.europesays.com\/fr\/wp-json\/wp\/v2\/posts"}],"about":[{"href":"https:\/\/www.europesays.com\/fr\/wp-json\/wp\/v2\/types\/post"}],"author":[{"embeddable":true,"href":"https:\/\/www.europesays.com\/fr\/wp-json\/wp\/v2\/users\/2"}],"replies":[{"embeddable":true,"href":"https:\/\/www.europesays.com\/fr\/wp-json\/wp\/v2\/comments?post=350216"}],"version-history":[{"count":0,"href":"https:\/\/www.europesays.com\/fr\/wp-json\/wp\/v2\/posts\/350216\/revisions"}],"wp:featuredmedia":[{"embeddable":true,"href":"https:\/\/www.europesays.com\/fr\/wp-json\/wp\/v2\/media\/350217"}],"wp:attachment":[{"href":"https:\/\/www.europesays.com\/fr\/wp-json\/wp\/v2\/media?parent=350216"}],"wp:term":[{"taxonomy":"category","embeddable":true,"href":"https:\/\/www.europesays.com\/fr\/wp-json\/wp\/v2\/categories?post=350216"},{"taxonomy":"post_tag","embeddable":true,"href":"https:\/\/www.europesays.com\/fr\/wp-json\/wp\/v2\/tags?post=350216"}],"curies":[{"name":"wp","href":"https:\/\/api.w.org\/{rel}","templated":true}]}}