{"id":350218,"date":"2025-08-28T15:24:15","date_gmt":"2025-08-28T15:24:15","guid":{"rendered":"https:\/\/www.europesays.com\/fr\/350218\/"},"modified":"2025-08-28T15:24:15","modified_gmt":"2025-08-28T15:24:15","slug":"pourquoi-la-ville-de-rennes-ne-servira-plus-de-thon-dans-ses-cantines-scolaires","status":"publish","type":"post","link":"https:\/\/www.europesays.com\/fr\/350218\/","title":{"rendered":"Pourquoi la Ville de Rennes ne servira plus de thon dans ses cantines scolaires"},"content":{"rendered":"<p>Le thon \u00e0 la cantine, c\u2019est fini. Dans un communiqu\u00e9 transmis ce jeudi 28 ao\u00fbt, les municipalit\u00e9s de Rennes, Paris, Lille, Lyon, B\u00e8gles, Grenoble, Montpellier et Mouans-Sartoux ont annonc\u00e9 leur d\u00e9cision de ne plus servir \u00ab temporairement \u00bb ce poisson dans leurs restaurants scolaires.<\/p>\n<p>Cela fait suite \u00e0 un rapport des ONG Bloom et Foodwatch, sorti fin 2024, qui d\u00e9non\u00e7ait une \u00ab contamination g\u00e9n\u00e9ralis\u00e9e \u00bb au mercure du thon en conserve en Europe. Un m\u00e9tal consid\u00e9r\u00e9 par l\u2019Organisation Mondiale de la Sant\u00e9 (OMS) comme l\u2019une des dix substances chimiques les plus pr\u00e9occupantes pour la sant\u00e9.<\/p>\n<p>Faire \u00e9voluer les normes europ\u00e9ennes<\/p>\n<p>\u00ab Aucune mesure n\u2018a \u00e9t\u00e9 prise par les responsables politiques nationaux et europ\u00e9ens et l\u2019industrie du thon pour prot\u00e9ger les consommateurs, en particulier les enfants \u00bb, d\u00e9plorent les signataires du communiqu\u00e9.<\/p>\n<p>Pour faire bouger les choses, les huit municipalit\u00e9s appellent \u00ab le gouvernement et les parlementaires fran\u00e7ais \u00e0 agir sans attendre sur l\u2019\u00e9volution des normes europ\u00e9ennes, en interdisant la commercialisation des produits \u00e0 base de thon d\u00e9passant 0,3 mg\/kg de mercure au niveau national \u00bb.<\/p>\n","protected":false},"excerpt":{"rendered":"Le thon \u00e0 la cantine, c\u2019est fini. Dans un communiqu\u00e9 transmis ce jeudi 28 ao\u00fbt, les municipalit\u00e9s de&hellip;\n","protected":false},"author":2,"featured_media":350219,"comment_status":"","ping_status":"","sticky":false,"template":"","format":"standard","meta":{"footnotes":""},"categories":[2821],"tags":[1111,11,829,765,1777,674,1011,27,848,12,584,25],"class_list":{"0":"post-350218","1":"post","2":"type-post","3":"status-publish","4":"format-standard","5":"has-post-thumbnail","7":"category-rennes","8":"tag-actu","9":"tag-actualites","10":"tag-bretagne","11":"tag-en-continu","12":"tag-eu","13":"tag-europe","14":"tag-fr","15":"tag-france","16":"tag-ille-et-vilaine","17":"tag-news","18":"tag-rennes","19":"tag-republique-francaise"},"share_on_mastodon":{"url":"https:\/\/pubeurope.com\/@fr\/115107087333184436","error":""},"_links":{"self":[{"href":"https:\/\/www.europesays.com\/fr\/wp-json\/wp\/v2\/posts\/350218","targetHints":{"allow":["GET"]}}],"collection":[{"href":"https:\/\/www.europesays.com\/fr\/wp-json\/wp\/v2\/posts"}],"about":[{"href":"https:\/\/www.europesays.com\/fr\/wp-json\/wp\/v2\/types\/post"}],"author":[{"embeddable":true,"href":"https:\/\/www.europesays.com\/fr\/wp-json\/wp\/v2\/users\/2"}],"replies":[{"embeddable":true,"href":"https:\/\/www.europesays.com\/fr\/wp-json\/wp\/v2\/comments?post=350218"}],"version-history":[{"count":0,"href":"https:\/\/www.europesays.com\/fr\/wp-json\/wp\/v2\/posts\/350218\/revisions"}],"wp:featuredmedia":[{"embeddable":true,"href":"https:\/\/www.europesays.com\/fr\/wp-json\/wp\/v2\/media\/350219"}],"wp:attachment":[{"href":"https:\/\/www.europesays.com\/fr\/wp-json\/wp\/v2\/media?parent=350218"}],"wp:term":[{"taxonomy":"category","embeddable":true,"href":"https:\/\/www.europesays.com\/fr\/wp-json\/wp\/v2\/categories?post=350218"},{"taxonomy":"post_tag","embeddable":true,"href":"https:\/\/www.europesays.com\/fr\/wp-json\/wp\/v2\/tags?post=350218"}],"curies":[{"name":"wp","href":"https:\/\/api.w.org\/{rel}","templated":true}]}}