{"id":350220,"date":"2025-08-28T15:25:16","date_gmt":"2025-08-28T15:25:16","guid":{"rendered":"https:\/\/www.europesays.com\/fr\/350220\/"},"modified":"2025-08-28T15:25:16","modified_gmt":"2025-08-28T15:25:16","slug":"bloquons-tout-comment-rejoindre-la-mobilisation-du-10-septembre-en-alsace","status":"publish","type":"post","link":"https:\/\/www.europesays.com\/fr\/350220\/","title":{"rendered":"Bloquons tout. Comment rejoindre la mobilisation du 10 septembre en Alsace"},"content":{"rendered":"<p class=\"wp-block-post-excerpt__excerpt\">Manifestation, blocages, cantines solidaires\u2026 Le 10 septembre, la mobilisation du mouvement Bloquons tout prendra des formes diverses. L\u2019organisation se fait surtout sur des groupes Telegram. <\/p>\n<p class=\"font-sans\">\n\t\t\tCet article est en acc\u00e8s libre. Pour soutenir Rue89 Strasbourg,<br \/>\n\t\t\t<a class=\"underline\" href=\"https:\/\/www.rue89strasbourg.com\/abonnement\" target=\"_blank\" rel=\"noopener\">abonnez-vous<\/a>.\n\t\t<\/p>\n<p>Guillaume Krempp<\/p>\n<p>Publi\u00e9 le 28 ao\u00fbt 2025\u00a0\u00a0\u00b7\u00a0\u00a0<\/p>\n<p>Imprim\u00e9 le 28 ao\u00fbt 2025 \u00e0 16h21\u00a0\u00a0\u00b7\u00a0\u00a0<\/p>\n<p>\t\t\t\t\t2\u00a0minutes\n<\/p>\n<p>L\u2019assembl\u00e9e g\u00e9n\u00e9rale du mouvement Bloquons tout grandit un peu plus chaque semaine. Mercredi 27 ao\u00fbt, ils \u00e9taient plus d\u2019une cinquantaine \u00e0 se retrouver au parc de la Citadelle. Parmi les organisations repr\u00e9sent\u00e9es\u00a0: les syndicats CGT, Solidaires et la Conf\u00e9d\u00e9ration paysanne. De retour de leur universit\u00e9 d\u2019\u00e9t\u00e9, les militants de la France insoumise ont bien suivi l\u2019appel \u00e0 soutenir le mouvement de blocage pour le mercredi 10 septembre. En dehors de la manifestation d\u00e9clar\u00e9e par le syndicat CGT Educ\u2019action place Kl\u00e9ber \u00e0 14h les discussions n\u2019ont pas encore abouti \u00e0 un plan d\u2019actions pr\u00e9cis pour la premi\u00e8re journ\u00e9e de mobilisation. Mais les participants sont unanimes sur la n\u00e9cessit\u00e9 de rassembler le plus possible. L\u2019objectif est d\u2019aboutir \u00e0 une mobilisation d\u2019ampleur qui s\u2019inscrit dans la dur\u00e9e.<\/p>\n<p><a href=\"https:\/\/www.rue89strasbourg.com\/abonnement\/paiement?sub=3&amp;discount=ete2025\" target=\"_blank\" rel=\"noopener\"><img loading=\"lazy\" decoding=\"async\" width=\"970\" height=\"250\" src=\"https:\/\/www.europesays.com\/fr\/wp-content\/uploads\/2025\/07\/bannie\u0300re-site-desktop-anime\u0301e.gif\" alt=\"\" class=\"wp-image-350811\" style=\"width:792px;height:auto\"\/><\/a><\/p>\n<p><a href=\"https:\/\/www.rue89strasbourg.com\/abonnement\/paiement?sub=3&amp;discount=ete2025\" target=\"_blank\" rel=\"noopener\"><img loading=\"lazy\" decoding=\"async\" width=\"300\" height=\"300\" src=\"https:\/\/www.europesays.com\/fr\/wp-content\/uploads\/2025\/07\/bannie\u0300re-pub-mobile-anime\u0301e.gif\" alt=\"\" class=\"wp-image-350815\"\/><\/a><\/p>\n<p>Des canaux Telegram<\/p>\n<p>Pour ce faire, un travail de tractage, de collage d\u2019affiches et de communication sur les r\u00e9seaux sociaux continue jusqu\u2019au 10 septembre. Les participants \u00e0 l\u2019assembl\u00e9e g\u00e9n\u00e9rale esp\u00e8rent aussi trouver de nouveaux volontaires pour rejoindre les diff\u00e9rentes actions envisag\u00e9es. Rue89 Strasbourg vous r\u00e9sume ici les canaux de communication du mouvement Bloquons tout au niveau local.<\/p>\n<p>Dans le Bas-Rhin, plus de 500 personnes \u00e9changent sur le <a href=\"https:\/\/t.me\/+hD3FxDOng1NhYjdk\" target=\"_blank\" rel=\"noreferrer noopener\">canal Telegram \u00ab\u00a0Indignons nous Bas-Rhin\u00a0\u00bb<\/a>. Plusieurs sous-groupes th\u00e9matiques permettent de rejoindre l\u2019activit\u00e9 de votre choix. Les personnes qui organisent le tractage en amont de la journ\u00e9e de mobilisation <a href=\"https:\/\/t.me\/c\/2267047921\/1439\" target=\"_blank\" rel=\"noreferrer noopener\">\u00e9changent ici<\/a>. Celles et ceux qui souhaitent s\u2019engager dans les cantines solidaires \u00e0 Strasbourg <a href=\"https:\/\/t.me\/c\/2267047921\/1427\" target=\"_blank\" rel=\"noreferrer noopener\">peuvent rejoindre ce canal de communication<\/a>. Les \u00e9changes autour de la <a href=\"https:\/\/t.me\/c\/2267047921\/1142\" target=\"_blank\" rel=\"noreferrer noopener\">communication du mouvement au niveau local sont consultables ici<\/a>.<\/p>\n<p>\t\tEn dehors de Strasbourg<\/p>\n<p>Des canaux Telegram ont aussi \u00e9t\u00e9 cr\u00e9\u00e9s pour permettre de s\u2019organiser dans d\u2019autres villes bas-rhinoises\u00a0: pour les habitants d\u2019Alsace centrale, il existe un <a href=\"https:\/\/t.me\/c\/2267047921\/1559\" target=\"_blank\" rel=\"noreferrer noopener\">canal S\u00e9lestat et environs<\/a>. Plus au nord, on <a href=\"https:\/\/t.me\/c\/2267047921\/1804\" target=\"_blank\" rel=\"noreferrer noopener\">trouve le canal Alsace Nord<\/a>. Un canal de communication <a href=\"https:\/\/t.me\/+dAf_whfVF2s1MGRk\" target=\"_blank\" rel=\"noreferrer noopener\">existe aussi pour le Haut-Rhin<\/a>. <\/p>\n<p>Pour trouver les informations \u00e0 propos de la mobilisation du 10 septembre sur d\u2019autres r\u00e9seaux, vous pouvez vous rendre sur les pages <a href=\"https:\/\/www.facebook.com\/p\/10-Septembre-Indignons-Nous-67-61579586026495\/?_rdr\" target=\"_blank\" rel=\"noreferrer noopener\">Facebook<\/a> ou <a href=\"https:\/\/www.instagram.com\/indignonsnous67?igsh=eGY2YnFyZjAwdzF3\" target=\"_blank\" rel=\"noreferrer noopener\">Instagram<\/a> du mouvement.<\/p>\n<p>Prochains rendez-vous<\/p>\n<p>Pour une rencontre physique avec les membres locaux du mouvement Bloquons tout, la prochaine assembl\u00e9e g\u00e9n\u00e9rale \u00e0 Strasbourg se tient le mercredi 3 septembre \u00e0 18h30 au parc de la Citadelle. Quelques militants et militantes devraient aussi \u00eatre pr\u00e9sentes \u00e0 la <a href=\"https:\/\/www.rue89strasbourg.com\/rentree-des-luttes-phare-citadelle-357034#:~:text=Rentr%C3%A9e%20des%20luttes%2C%20samedi%206,de%20Nantes%20%C3%A0%20Strasbourg%20%E2%80%93%20citadelle.\" target=\"_blank\" rel=\"noreferrer noopener\">Rentr\u00e9e des luttes organis\u00e9e par Rue89 Strasbourg<\/a> le samedi 6 septembre \u00e0 partir de 13h au Phare Citadelle. Une liste des prochaines r\u00e9unions d\u2019organisation dans le Bas-Rhin est disponible ci-dessous.<\/p>\n<p>Y <strong>aller<\/strong><\/p>\n<p>R\u00e9union des militants et militantes du mouvement Bloquons tout\u00a0:<\/p>\n<ul class=\"wp-block-list\">\n<li>Au parc de jeux de Woerth les jeudi 4 et mardi 9 septembre \u00e0 19h<\/li>\n<li>Au Lion d\u2019Or de Bischwiller le vendredi 29 ao\u00fbt \u00e0 20h<\/li>\n<li>\u00c0 l\u2019aire de jeux situ\u00e9e quai Albrecht \u00e0 S\u00e9lestat le vendredi 29 ao\u00fbt \u00e0 18h<\/li>\n<li>au parc de la Citadelle \u00e0 Strasbourg le mercredi 3 septembre \u00e0 18h30<\/li>\n<li>Au kiosque de la gare de Haguenau le mercredi 3 septembre \u00e0 19h<\/li>\n<\/ul>\n<p><script async src=\"\/\/www.instagram.com\/embed.js\"><\/script><\/p>\n","protected":false},"excerpt":{"rendered":"Manifestation, blocages, cantines solidaires\u2026 Le 10 septembre, la mobilisation du mouvement Bloquons tout prendra des formes diverses. L\u2019organisation&hellip;\n","protected":false},"author":2,"featured_media":350221,"comment_status":"","ping_status":"","sticky":false,"template":"","format":"standard","meta":{"footnotes":""},"categories":[2820],"tags":[1111,11,1777,674,1011,27,775,2088,12,25,640],"class_list":{"0":"post-350220","1":"post","2":"type-post","3":"status-publish","4":"format-standard","5":"has-post-thumbnail","7":"category-strasbourg","8":"tag-actu","9":"tag-actualites","10":"tag-eu","11":"tag-europe","12":"tag-fr","13":"tag-france","14":"tag-grand-est","15":"tag-manifestation","16":"tag-news","17":"tag-republique-francaise","18":"tag-strasbourg"},"share_on_mastodon":{"url":"https:\/\/pubeurope.com\/@fr\/115107091472704425","error":""},"_links":{"self":[{"href":"https:\/\/www.europesays.com\/fr\/wp-json\/wp\/v2\/posts\/350220","targetHints":{"allow":["GET"]}}],"collection":[{"href":"https:\/\/www.europesays.com\/fr\/wp-json\/wp\/v2\/posts"}],"about":[{"href":"https:\/\/www.europesays.com\/fr\/wp-json\/wp\/v2\/types\/post"}],"author":[{"embeddable":true,"href":"https:\/\/www.europesays.com\/fr\/wp-json\/wp\/v2\/users\/2"}],"replies":[{"embeddable":true,"href":"https:\/\/www.europesays.com\/fr\/wp-json\/wp\/v2\/comments?post=350220"}],"version-history":[{"count":0,"href":"https:\/\/www.europesays.com\/fr\/wp-json\/wp\/v2\/posts\/350220\/revisions"}],"wp:featuredmedia":[{"embeddable":true,"href":"https:\/\/www.europesays.com\/fr\/wp-json\/wp\/v2\/media\/350221"}],"wp:attachment":[{"href":"https:\/\/www.europesays.com\/fr\/wp-json\/wp\/v2\/media?parent=350220"}],"wp:term":[{"taxonomy":"category","embeddable":true,"href":"https:\/\/www.europesays.com\/fr\/wp-json\/wp\/v2\/categories?post=350220"},{"taxonomy":"post_tag","embeddable":true,"href":"https:\/\/www.europesays.com\/fr\/wp-json\/wp\/v2\/tags?post=350220"}],"curies":[{"name":"wp","href":"https:\/\/api.w.org\/{rel}","templated":true}]}}