{"id":350222,"date":"2025-08-28T15:26:13","date_gmt":"2025-08-28T15:26:13","guid":{"rendered":"https:\/\/www.europesays.com\/fr\/350222\/"},"modified":"2025-08-28T15:26:13","modified_gmt":"2025-08-28T15:26:13","slug":"seniors-un-guide-pour-planifier-vos-sorties","status":"publish","type":"post","link":"https:\/\/www.europesays.com\/fr\/350222\/","title":{"rendered":"S\u00e9niors: un guide pour planifier vos sorties"},"content":{"rendered":"<p class=\"st-surtitre\">\n            Dans le cadre de la d\u00e9marche de labellisation \u00ab\u00a0Ami des a\u00een\u00e9s\u00a0\u00bb, la Ville renouvelle sa communication en direction du public s\u00e9nior.\n        <\/p>\n<p><img decoding=\"async\" alt=\"\" src=\"https:\/\/www.europesays.com\/fr\/wp-content\/uploads\/2025\/08\/guide-seniors_-int-jpg.jpeg\" style=\"margin:10px; float:left\"\/>La Ville de Strasbourg est \u00ab En route vers le label Ami des A\u00een\u00e9s \u00bb. Elle souhaite officiellement candidater \u00e0 l&rsquo;automne 2026 pour offrir aux s\u00e9niors un cadre de vie toujours plus adapt\u00e9 \u00e0 leurs besoins.\u00a0<\/p>\n<p>Un label exigeant<\/p>\n<p>Ce label distingue les collectivit\u00e9s qui d\u00e9veloppent une politique globale en faveur de leurs a\u00een\u00e9s. Il s&rsquo;articule autour de huit domaines essentiels : l&rsquo;am\u00e9nagement des espaces publics et des b\u00e2timents, l&rsquo;adaptation de l&rsquo;habitat, l&rsquo;am\u00e9lioration des transports et de la mobilit\u00e9, le d\u00e9veloppement de l&rsquo;autonomie et des services de soins, l&rsquo;offre culturelle et de loisirs, le renforcement du lien social et de la solidarit\u00e9, l&rsquo;information et la communication, ainsi que la participation citoyenne et l&#8217;emploi des s\u00e9niors.<\/p>\n<p>Une communication renouvel\u00e9e pour les seniors<\/p>\n<p>Dans cette d\u00e9marche, la communication occupe une place centrale. Pour que les s\u00e9niors puissent profiter pleinement de tous les services propos\u00e9s, la Ville s&rsquo;engage d\u00e9sormais \u00e0 mieux communiquer vers eux.<br \/>\u00a0<\/p>\n<p>Le nouveau guide pour les s\u00e9niors<\/p>\n<p>Cette approche se concr\u00e9tise avec le guide \u00ab\u00a0Rendez-vous des s\u00e9niors 2025-2026\u00a0\u00bb \u2013 Strasbourg la douceur de Ville. Gr\u00e2ce \u00e0 cette publication, les s\u00e9niors pourront planifier leurs sorties, rencontrer d&rsquo;autres personnes et rester actifs dans la ville.<\/p>\n<p><a href=\"https:\/\/www.strasbourg.eu\/documents\/d\/strasbourg.eu\/36991_livret-rendez-vous-seniors_2025_26\" target=\"_blank\" rel=\"noopener\">Pour consulter le guide, cliquez-ici<\/a>.\u00a0<\/p>\n","protected":false},"excerpt":{"rendered":"Dans le cadre de la d\u00e9marche de labellisation \u00ab\u00a0Ami des a\u00een\u00e9s\u00a0\u00bb, la Ville renouvelle sa communication en direction&hellip;\n","protected":false},"author":2,"featured_media":350223,"comment_status":"","ping_status":"","sticky":false,"template":"","format":"standard","meta":{"footnotes":""},"categories":[2820],"tags":[1111,11,10660,1777,674,1011,27,775,12,25,3552,640],"class_list":{"0":"post-350222","1":"post","2":"type-post","3":"status-publish","4":"format-standard","5":"has-post-thumbnail","7":"category-strasbourg","8":"tag-actu","9":"tag-actualites","10":"tag-egalite","11":"tag-eu","12":"tag-europe","13":"tag-fr","14":"tag-france","15":"tag-grand-est","16":"tag-news","17":"tag-republique-francaise","18":"tag-seniors","19":"tag-strasbourg"},"share_on_mastodon":{"url":"https:\/\/pubeurope.com\/@fr\/115107095100926213","error":""},"_links":{"self":[{"href":"https:\/\/www.europesays.com\/fr\/wp-json\/wp\/v2\/posts\/350222","targetHints":{"allow":["GET"]}}],"collection":[{"href":"https:\/\/www.europesays.com\/fr\/wp-json\/wp\/v2\/posts"}],"about":[{"href":"https:\/\/www.europesays.com\/fr\/wp-json\/wp\/v2\/types\/post"}],"author":[{"embeddable":true,"href":"https:\/\/www.europesays.com\/fr\/wp-json\/wp\/v2\/users\/2"}],"replies":[{"embeddable":true,"href":"https:\/\/www.europesays.com\/fr\/wp-json\/wp\/v2\/comments?post=350222"}],"version-history":[{"count":0,"href":"https:\/\/www.europesays.com\/fr\/wp-json\/wp\/v2\/posts\/350222\/revisions"}],"wp:featuredmedia":[{"embeddable":true,"href":"https:\/\/www.europesays.com\/fr\/wp-json\/wp\/v2\/media\/350223"}],"wp:attachment":[{"href":"https:\/\/www.europesays.com\/fr\/wp-json\/wp\/v2\/media?parent=350222"}],"wp:term":[{"taxonomy":"category","embeddable":true,"href":"https:\/\/www.europesays.com\/fr\/wp-json\/wp\/v2\/categories?post=350222"},{"taxonomy":"post_tag","embeddable":true,"href":"https:\/\/www.europesays.com\/fr\/wp-json\/wp\/v2\/tags?post=350222"}],"curies":[{"name":"wp","href":"https:\/\/api.w.org\/{rel}","templated":true}]}}