{"id":350224,"date":"2025-08-28T15:31:18","date_gmt":"2025-08-28T15:31:18","guid":{"rendered":"https:\/\/www.europesays.com\/fr\/350224\/"},"modified":"2025-08-28T15:31:18","modified_gmt":"2025-08-28T15:31:18","slug":"un-incendie-se-declare-dans-une-usine-veolia-de-nice","status":"publish","type":"post","link":"https:\/\/www.europesays.com\/fr\/350224\/","title":{"rendered":"Un incendie se d\u00e9clare dans une usine Veolia de Nice"},"content":{"rendered":"<p>Jusqu&rsquo;\u00e0 70 pompiers ont \u00e9t\u00e9 mobilis\u00e9s sur place au plus fort du feu qui est d\u00e9sormais circonscrit. Aucune personne n&rsquo;a \u00e9t\u00e9 bless\u00e9e.<\/p>\n<p>Un incendie s&rsquo;est d\u00e9clench\u00e9 dans une usine Veolia de Nice ce jeudi matin 28 ao\u00fbt, a appris BFM Nice C\u00f4te d&rsquo;Azur des pompiers.<\/p>\n<p>Les membres du personnel du centre de tri, situ\u00e9 route du parc d&rsquo;activit\u00e9s, ont \u00e9t\u00e9 r\u00e9unis et mis en s\u00e9curit\u00e9. Aucune personne n\u2019a \u00e9t\u00e9 bless\u00e9e.<\/p>\n<p>Au plus fort des flammes, jusqu&rsquo;\u00e0 70 pompiers ont \u00e9t\u00e9 mobilis\u00e9s sur les lieux avec 15 engins. Le feu est d\u00e9sormais circonscrit. Un engin reste sur place en surveillance.<\/p>\n<p>Pauline Renoir avec Gauthier Hartmann<\/p>\n","protected":false},"excerpt":{"rendered":"Jusqu&rsquo;\u00e0 70 pompiers ont \u00e9t\u00e9 mobilis\u00e9s sur place au plus fort du feu qui est d\u00e9sormais circonscrit. Aucune&hellip;\n","protected":false},"author":2,"featured_media":159822,"comment_status":"","ping_status":"","sticky":false,"template":"","format":"standard","meta":{"footnotes":""},"categories":[2819],"tags":[1111,11,1777,674,1011,27,12,2401,882,25],"class_list":{"0":"post-350224","1":"post","2":"type-post","3":"status-publish","4":"format-standard","5":"has-post-thumbnail","7":"category-nice","8":"tag-actu","9":"tag-actualites","10":"tag-eu","11":"tag-europe","12":"tag-fr","13":"tag-france","14":"tag-news","15":"tag-nice","16":"tag-provence-alpes-cote-dazur","17":"tag-republique-francaise"},"share_on_mastodon":{"url":"https:\/\/pubeurope.com\/@fr\/115107114715057531","error":""},"_links":{"self":[{"href":"https:\/\/www.europesays.com\/fr\/wp-json\/wp\/v2\/posts\/350224","targetHints":{"allow":["GET"]}}],"collection":[{"href":"https:\/\/www.europesays.com\/fr\/wp-json\/wp\/v2\/posts"}],"about":[{"href":"https:\/\/www.europesays.com\/fr\/wp-json\/wp\/v2\/types\/post"}],"author":[{"embeddable":true,"href":"https:\/\/www.europesays.com\/fr\/wp-json\/wp\/v2\/users\/2"}],"replies":[{"embeddable":true,"href":"https:\/\/www.europesays.com\/fr\/wp-json\/wp\/v2\/comments?post=350224"}],"version-history":[{"count":0,"href":"https:\/\/www.europesays.com\/fr\/wp-json\/wp\/v2\/posts\/350224\/revisions"}],"wp:featuredmedia":[{"embeddable":true,"href":"https:\/\/www.europesays.com\/fr\/wp-json\/wp\/v2\/media\/159822"}],"wp:attachment":[{"href":"https:\/\/www.europesays.com\/fr\/wp-json\/wp\/v2\/media?parent=350224"}],"wp:term":[{"taxonomy":"category","embeddable":true,"href":"https:\/\/www.europesays.com\/fr\/wp-json\/wp\/v2\/categories?post=350224"},{"taxonomy":"post_tag","embeddable":true,"href":"https:\/\/www.europesays.com\/fr\/wp-json\/wp\/v2\/tags?post=350224"}],"curies":[{"name":"wp","href":"https:\/\/api.w.org\/{rel}","templated":true}]}}