{"id":350225,"date":"2025-08-28T15:32:10","date_gmt":"2025-08-28T15:32:10","guid":{"rendered":"https:\/\/www.europesays.com\/fr\/350225\/"},"modified":"2025-08-28T15:32:10","modified_gmt":"2025-08-28T15:32:10","slug":"eric-ciotti-en-campagne-au-pied-de-la-mairie-de-christian-estrosi-pour-son-premier-tractage-a-nice","status":"publish","type":"post","link":"https:\/\/www.europesays.com\/fr\/350225\/","title":{"rendered":"Eric Ciotti en campagne au pied de la mairie de Christian Estrosi pour son premier tractage \u00e0 Nice"},"content":{"rendered":"<p>\u00ab\u00a0La mairie n\u2019appartient pas \u00e0 un clan, n\u2019appartient pas \u00e0 un homme. Elle appartient aux Ni\u00e7oises et aux Ni\u00e7ois. Cette mairie qui est ferm\u00e9e, qui est cl\u00f4tur\u00e9e &#8211; alors que quand on est arriv\u00e9s en 2008 elle \u00e9tait ouverte &#8211; je veux la rouvrir. Aujourd\u2019hui c\u2019est Fort Knox (1)\u00a0\u00bb, sourit \u00c9ric Ciotti entour\u00e9 des deux d\u00e9put\u00e9s UDR des Alpes-Maritimes, Christelle d\u2019Intorni pour la 5e circonscription et Bernard Chaix pour la 3e.<\/p>\n<p>Cette d\u00e9claration, le <a href=\"https:\/\/www.nicematin.com\/politique\/eric-ciotti-annonce-sa-candidature-a-la-mairie-de-nice-999495\" rel=\"nofollow noopener\" target=\"_blank\">d\u00e9sormais candidat officiel aux municipales de Nice<\/a><a href=\"https:\/\/www.nicematin.com\/politique\/eric-ciotti-annonce-sa-candidature-a-la-mairie-de-nice-999495\" rel=\"nofollow noopener\" target=\"_blank\">\u00e9sormais candidat officiel aux municipales de Nice<\/a> l\u2019a faite devant les grilles de l\u2019h\u00f4tel de Ville, ce jeudi 28 ao\u00fbt, matin. Devant ce lieu, en plein c\u0153ur de Nice, qu\u2019il ambitionne de confisquer au maire sortant Horizons.<\/p>\n<p>Ce lieu que les deux hommes ont investi, ensemble. Autre temps, autre \u00e9poque. En 2008, ils marchaient c\u00f4te \u00e0 c\u00f4te: Christian Estrosi devenait maire de Nice, \u00c9ric Ciotti son premier adjoint.<\/p>\n<p>\u00ab\u00a0Je l\u2019ai d\u00e9j\u00e0 lu\u00a0\u00bb, rigole Nofri<\/p>\n<p>L\u2019invasion de casquettes moutarde estampill\u00e9es Nice, avec \u00c9ric Ciotti autour de la mairie ne passe pas inaper\u00e7ue Les regards sont interloqu\u00e9s, amus\u00e9s. D\u2019autres carr\u00e9ment g\u00ean\u00e9s. Ciotti, lui, est particuli\u00e8rement \u00e0 l\u2019aise. \u00c7a y est, cette fois, il y va. \u00c0 fond.<\/p>\n<p>\u00ab\u00a0Bient\u00f4t Eric [Ciotti] passera les grilles pour s\u2019installer dans le bureau d\u2019Estrosi\u00a0\u00bb, se d\u00e9lecte une fan en distribuant la lettre aux Ni\u00e7ois r\u00e9dig\u00e9e par son \u00ab\u00a0champion\u00a0\u00bb.<\/p>\n<p>Ciotti serre des mains au bar d\u2019en face, \u00e0 la sortie de la mairie, dont celles des policiers municipaux qui gardent les grilles. \u00c0 deux doigts de serrer aussi celle de Ga\u00ebl Nofri, l\u2019adjoint \u00e0 la circulation du maire de Nice, qui passait par l\u00e0&#8230; Et qui repart, bon gr\u00e9, mal gr\u00e9 avec son tract. \u00ab\u00a0Je l\u2019ai d\u00e9j\u00e0 lu\u00a0\u00bb, rigole-t-il.<\/p>\n<p>Le RN pleinement mobilis\u00e9<\/p>\n<p>\u00ab\u00a0C\u2019est une belle matin\u00e9e de campagne\u00a0\u00bb, se r\u00e9gale Bernard Chaix. Il sera sur la liste UDR-RN, \u00ab\u00a0bien s\u00fbr\u00a0\u00bb, l\u00e2che-t-il. Tout comme Christelle d\u2019Intorni.<\/p>\n<p>\u00c0 quelle place? \u00ab\u00a0On n\u2019en est pas encore l\u00e0\u00a0\u00bb, glissent-ils. M\u00eame son de cloche pour le patron du RN \u00e0 Nice, l\u2019ancien adjoint d\u2019Estrosi, Beno\u00eet Kandel.<\/p>\n<p>\u00ab\u00a0Dans une campagne municipale, il y a une dimension de proximit\u00e9 et une dimension politique. Il y a un accord national, bien s\u00fbr que le rassemblement national soutient cette candidature. Nos cadres, nos militants sont int\u00e9gr\u00e9s aux \u00e9quipes d\u2019\u00c9ric Ciotti pour une seule finalit\u00e9: remporter la mairie\u00a0\u00bb, d\u00e9crypte l\u2019ancien \u00e9lu.<\/p>\n<p>Une v\u00e9ritable arm\u00e9e<\/p>\n<p>La matin\u00e9e avait commenc\u00e9 \u00e0 la permanence du port. \u00ab\u00a0Avec vous, c\u2019est une arm\u00e9e qui se l\u00e8ve. Une arm\u00e9e pacifique qui sera victorieuse. Nice a besoin de changement, de rupture. Ici, on n\u2019est pas adepte des coups bas, des fausses lettres\u00a0\u00bb, lance le candidat.<\/p>\n<p>Derri\u00e8re son arm\u00e9e se pr\u00e9pare: groupe 1, groupe 2, groupe 3, etc. \u00c0 eux tous, ils vont battre le pav\u00e9 dans plusieurs quartiers de Nice compl\u00e8tement quadrill\u00e9e.<\/p>\n<p>\u00ab\u00a0Il faut qu\u2019on se mobilise pour lui. Estrosi y\u2019en a marre, il fait ce qu\u2019il veut! Alors que c\u2019est notre argent. Moi je veux plus payer pour financer son train de vie\u00a0\u00bb, grogne un vieux militant. \u00ab\u00a0Dehors le roi de Nice\u00a0\u00bb, rigole sa femme, qui hurle \u00ab\u00a0Ciotti \u00e0 la mairie, Ciotti \u00e0 la mairie\u00a0\u00bb.<\/p>\n<p>Th\u00e9o est plus discret, il a tout juste 16 ans. \u00ab\u00a0C\u2019est un homme extraordinaire. Il a des valeurs, il saura d\u00e9fendre le patrimoine et la culture ni\u00e7oise. Et ramener de la s\u00e9curit\u00e9 dans la ville\u00a0\u00bb, bredouille le jeune homme qui se lance dans sa toute premi\u00e8re campagne.<\/p>\n<p>\u00ab\u00a0Je refuse Monsieur Ciotti\u00a0\u00bb<\/p>\n<p>Dans la rue, l\u2019accueil est chaleureux. Il faut dire que Ciotti est chez lui, au port, le c\u0153ur de sa circonscription depuis 2007. \u00ab\u00a0Je pense que je voterai pour lui\u00a0\u00bb, assure un taxi. Idem pour cette mamie qui prom\u00e8ne son chien.<\/p>\n<p>\u00ab\u00a0Je vote pour lui aux l\u00e9gislatives, alors ce serait coh\u00e9rent\u00a0\u00bb, dit-elle, en marchant rue Cassini. \u00ab\u00a0On va voter pour vous et ce sera un vote d\u2019adh\u00e9sion pas par d\u00e9faut\u00a0\u00bb, jure un quinquag\u00e9naire qui habite Pessicart&#8230;<\/p>\n<p>De l\u2019autre c\u00f4t\u00e9 de la rue, un Ni\u00e7ois n\u2019est pas d\u2019accord. \u00ab\u00a0Je refuse Monsieur Ciotti, je suis oppos\u00e9 \u00e0 l\u2019extr\u00eame droite, ce sont les partis qui ont arr\u00eat\u00e9 les gens qui n\u2019\u00e9taient pas de leur opinion, ce sont des partis qui ont poursuivi les juifs, ma famille est une famille de justes, je ne voterai jamais pour ces gens-l\u00e0\u00a0\u00bb, argumente-t-il.<\/p>\n<p>Autour d\u2019\u00c9ric Ciotti, une nu\u00e9e de collaborateurs. Ils prennent des photos, des vid\u00e9os, \u00e9coutent absolument tout ce qui se dit. Prennent le pouls de la ville.<\/p>\n<p>Et de la candidature du d\u00e9put\u00e9 UDR. Ils vont ensuite inonder les r\u00e9seaux sociaux. Et pr\u00e9parer la suite de la campagne. Elle ne fait que commencer.<\/p>\n<p>\u00ab\u00a0Vous allez voir la liste va \u00eatre exceptionnelle. Des sportifs, des gens de la culture. De plusieurs horizons. Le crit\u00e8re c\u2019est l\u2019enracinement\u00a0\u00bb, confie un membre de l\u2019entourage.<\/p>\n<p>1. Camp militaire du Kentucky aux Etats-Unis, connu pour \u00eatre le lieu de stockage de l\u2019or de la R\u00e9serve f\u00e9d\u00e9rale am\u00e9ricaine.<\/p>\n","protected":false},"excerpt":{"rendered":"\u00ab\u00a0La mairie n\u2019appartient pas \u00e0 un clan, n\u2019appartient pas \u00e0 un homme. Elle appartient aux Ni\u00e7oises et aux&hellip;\n","protected":false},"author":2,"featured_media":350226,"comment_status":"","ping_status":"","sticky":false,"template":"","format":"standard","meta":{"footnotes":""},"categories":[2819],"tags":[1111,11,1777,674,1011,27,12,2401,316,882,25],"class_list":{"0":"post-350225","1":"post","2":"type-post","3":"status-publish","4":"format-standard","5":"has-post-thumbnail","7":"category-nice","8":"tag-actu","9":"tag-actualites","10":"tag-eu","11":"tag-europe","12":"tag-fr","13":"tag-france","14":"tag-news","15":"tag-nice","16":"tag-politique","17":"tag-provence-alpes-cote-dazur","18":"tag-republique-francaise"},"share_on_mastodon":{"url":"https:\/\/pubeurope.com\/@fr\/115107118679748438","error":""},"_links":{"self":[{"href":"https:\/\/www.europesays.com\/fr\/wp-json\/wp\/v2\/posts\/350225","targetHints":{"allow":["GET"]}}],"collection":[{"href":"https:\/\/www.europesays.com\/fr\/wp-json\/wp\/v2\/posts"}],"about":[{"href":"https:\/\/www.europesays.com\/fr\/wp-json\/wp\/v2\/types\/post"}],"author":[{"embeddable":true,"href":"https:\/\/www.europesays.com\/fr\/wp-json\/wp\/v2\/users\/2"}],"replies":[{"embeddable":true,"href":"https:\/\/www.europesays.com\/fr\/wp-json\/wp\/v2\/comments?post=350225"}],"version-history":[{"count":0,"href":"https:\/\/www.europesays.com\/fr\/wp-json\/wp\/v2\/posts\/350225\/revisions"}],"wp:featuredmedia":[{"embeddable":true,"href":"https:\/\/www.europesays.com\/fr\/wp-json\/wp\/v2\/media\/350226"}],"wp:attachment":[{"href":"https:\/\/www.europesays.com\/fr\/wp-json\/wp\/v2\/media?parent=350225"}],"wp:term":[{"taxonomy":"category","embeddable":true,"href":"https:\/\/www.europesays.com\/fr\/wp-json\/wp\/v2\/categories?post=350225"},{"taxonomy":"post_tag","embeddable":true,"href":"https:\/\/www.europesays.com\/fr\/wp-json\/wp\/v2\/tags?post=350225"}],"curies":[{"name":"wp","href":"https:\/\/api.w.org\/{rel}","templated":true}]}}