{"id":35023,"date":"2025-04-18T22:24:14","date_gmt":"2025-04-18T22:24:14","guid":{"rendered":"https:\/\/www.europesays.com\/fr\/35023\/"},"modified":"2025-04-18T22:24:14","modified_gmt":"2025-04-18T22:24:14","slug":"conference-des-nations-unies-sur-locean-quand-les-sirenes-semparent-du-musee-dart-naif-de-nice","status":"publish","type":"post","link":"https:\/\/www.europesays.com\/fr\/35023\/","title":{"rendered":"Conf\u00e9rence des Nations-Unies sur l\u2019oc\u00e9an: quand les sir\u00e8nes s\u2019emparent du mus\u00e9e d\u2019Art na\u00eff de Nice"},"content":{"rendered":"<p>Sir\u00e8nes et merveilles, peuples des mers : c\u2019est le nom de l\u2019exposition pr\u00e9sent\u00e9e au mus\u00e9e d\u2019Art na\u00eff Anatole-Jakovsky. <a href=\"https:\/\/www.nicematin.com\/culture\/l-art-naif-a-portee-de-tous-a-nice-966473\" rel=\"nofollow noopener\" target=\"_blank\">Une expo temporaire en lien avec la conf\u00e9rence des Nations-Unies sur l\u2019Oc\u00e9an<\/a>, comme l\u2019avait indiqu\u00e9 Fr\u00e9d\u00e9rique Olivier-Ghauri, la directrice des lieux, lors de la r\u00e9ouverture du mus\u00e9e en janvier. \u00ab\u00a0Pens\u00e9e avec l\u2019artiste Pascal H\u00e9ranval, elle est un dialogue entre ses \u0153uvres et les collections du mus\u00e9e.\u00a0\u00bb<\/p>\n<p>Pascal H\u00e9ranval a pass\u00e9 quatorze ans \u00e0 Salvador de Bahia o\u00f9 il a d\u00e9couvert l\u2019art na\u00eff et \u00e9galement fait une \u00e9cole d\u2019art au Br\u00e9sil. Un chapitre de sa vie dont il retient un amour des couleurs et une envie de partager les usages et coutumes.<\/p>\n<p><strong>Le \u00ab\u00a0labyrinthe liquide\u00a0\u00bb, une \u0153uvre \u00e9volutive<\/strong><\/p>\n<p>Une des particularit\u00e9s de cette exposition? L\u2019artiste va cr\u00e9er une de ses \u0153uvres au c\u0153ur du mus\u00e9e tandis que les visiteurs d\u00e9ambuleront pour d\u00e9couvrir ses toiles et dessins. Sur un rouleau de papier blanc de 10m\u00e8tres, Pascal H\u00e9ranval va r\u00e9aliser, pendant deux mois, une \u0153uvre \u00e9volutive. \u00ab\u00a0Il s\u2019agit d\u2019un labyrinthe liquide sur lequel j\u2019\u00e9cris la partition du chant des sir\u00e8nes, s\u2019amuse l\u2019artiste, qui vient \u00e0 peine d\u2019entamer le clou de cette exposition. L\u2019\u0153uvre va glisser de la table vers la mer et les sir\u00e8nes.\u00a0\u00bb<\/p>\n<p>Une \u0153uvre qui sera \u00e9galement compl\u00e9t\u00e9e par le travail des bambins de groupe scolaire Sainte-H\u00e9l\u00e8ne. Ces derniers r\u00e9aliseront des bateaux en papier dans le cadre d\u2019un projet baptis\u00e9 \u00ab\u00a0La classe, l\u2019\u0153uvre!\u00a0\u00bb d\u00e9voil\u00e9 le 17 mai lors de la Nuit europ\u00e9enne des mus\u00e9es.<\/p>\n<p><strong>Rencontre entre la terre et la mer<\/strong><\/p>\n<p>L\u2019exposition, qui a pris ses quartiers au premier \u00e9tage de la b\u00e2tisse, met aussi en parall\u00e8le la terre et la mer. Une rencontre souvent op\u00e9r\u00e9e par Pascal H\u00e9ranval qui aime d\u00e9tourner des cartes g\u00e9ographiques pour \u00ab\u00a0r\u00e9inventer le monde\u00a0\u00bb. Et coller \u00e0 l\u2019actualit\u00e9 avec des th\u00e9matiques comme la migration et les mouvements de population. La carte dispara\u00eet sous les feuillages et les visages dont il inonde les continents et les mers. \u00ab\u00a0J\u2019aime les formes arrondies et les courbes. Quand je dessine, confie-t-il, j\u2019arrondis les angles.\u00a0\u00bb<\/p>\n<p>Des objets, des toiles et des sculptures d\u2019artistes ayant imagin\u00e9 leurs sir\u00e8nes ont \u00e9t\u00e9 sortis des collections d\u2019Anatole Jakovsky pour l\u2019occasion. Ce dernier a d\u2019ailleurs \u00e9crit un conte, La petite sir\u00e8ne, illustr\u00e9 par Bernard Vercruyre en 1979. Jamais publi\u00e9es, les douze pages sont expos\u00e9es et projet\u00e9es sur grand \u00e9cran dans un documentaire.<\/p>\n<p>Les \u00ab\u00a0reines des eaux salines\u00a0\u00bb seront en vedette jusqu\u2019au 21 septembre dans le mus\u00e9e ni\u00e7ois.<\/p>\n<p>Ouvert tous les jours sauf mardi, de 10h \u00e0 12h30 et de 13h30\u00e0 18h. 23, av. de Fabron. 04.93.71.78.33.<\/p>\n<p>              <img ci-src=\"https:\/\/www.nicematin.com\/vie-locale\/protec\/DATA_ART_15274109-xkkxhxYn.jpg?vh=956129&amp;ci_seal=ce3a1821fc\" alt=\"\"\/><br \/>\n        Les \u0153uvres de l\u2019artiste Pascal H\u00e9ranval forme \u00ab\u00a0un dialogue\u00a0\u00bb avec les collections du mus\u00e9e Anatole-Jakovsky.  <strong>Photo Cl. C..<\/strong> <\/p>\n","protected":false},"excerpt":{"rendered":"Sir\u00e8nes et merveilles, peuples des mers : c\u2019est le nom de l\u2019exposition pr\u00e9sent\u00e9e au mus\u00e9e d\u2019Art na\u00eff Anatole-Jakovsky.&hellip;\n","protected":false},"author":2,"featured_media":35024,"comment_status":"","ping_status":"","sticky":false,"template":"","format":"standard","meta":{"footnotes":""},"categories":[2819],"tags":[1111,11,1777,674,1011,27,12,2401,882,25,3366],"class_list":{"0":"post-35023","1":"post","2":"type-post","3":"status-publish","4":"format-standard","5":"has-post-thumbnail","7":"category-nice","8":"tag-actu","9":"tag-actualites","10":"tag-eu","11":"tag-europe","12":"tag-fr","13":"tag-france","14":"tag-news","15":"tag-nice","16":"tag-provence-alpes-cote-dazur","17":"tag-republique-francaise","18":"tag-vie-locale"},"share_on_mastodon":{"url":"https:\/\/pubeurope.com\/@fr\/114361313705151464","error":""},"_links":{"self":[{"href":"https:\/\/www.europesays.com\/fr\/wp-json\/wp\/v2\/posts\/35023","targetHints":{"allow":["GET"]}}],"collection":[{"href":"https:\/\/www.europesays.com\/fr\/wp-json\/wp\/v2\/posts"}],"about":[{"href":"https:\/\/www.europesays.com\/fr\/wp-json\/wp\/v2\/types\/post"}],"author":[{"embeddable":true,"href":"https:\/\/www.europesays.com\/fr\/wp-json\/wp\/v2\/users\/2"}],"replies":[{"embeddable":true,"href":"https:\/\/www.europesays.com\/fr\/wp-json\/wp\/v2\/comments?post=35023"}],"version-history":[{"count":0,"href":"https:\/\/www.europesays.com\/fr\/wp-json\/wp\/v2\/posts\/35023\/revisions"}],"wp:featuredmedia":[{"embeddable":true,"href":"https:\/\/www.europesays.com\/fr\/wp-json\/wp\/v2\/media\/35024"}],"wp:attachment":[{"href":"https:\/\/www.europesays.com\/fr\/wp-json\/wp\/v2\/media?parent=35023"}],"wp:term":[{"taxonomy":"category","embeddable":true,"href":"https:\/\/www.europesays.com\/fr\/wp-json\/wp\/v2\/categories?post=35023"},{"taxonomy":"post_tag","embeddable":true,"href":"https:\/\/www.europesays.com\/fr\/wp-json\/wp\/v2\/tags?post=35023"}],"curies":[{"name":"wp","href":"https:\/\/api.w.org\/{rel}","templated":true}]}}