{"id":350233,"date":"2025-08-28T15:45:11","date_gmt":"2025-08-28T15:45:11","guid":{"rendered":"https:\/\/www.europesays.com\/fr\/350233\/"},"modified":"2025-08-28T15:45:11","modified_gmt":"2025-08-28T15:45:11","slug":"deux-adolescentes-meurent-apres-avoir-ete-percutees-par-un-train-dans-un-tunnel-liberation","status":"publish","type":"post","link":"https:\/\/www.europesays.com\/fr\/350233\/","title":{"rendered":"deux adolescentes meurent apr\u00e8s avoir \u00e9t\u00e9 percut\u00e9es par un train dans un tunnel \u2013 Lib\u00e9ration"},"content":{"rendered":"<p class=\"sc-ksZaOG ehjQrN text-element\">Deux adolescentes, dont les parents avaient signal\u00e9 la disparition dans la nuit, ont \u00e9t\u00e9 percut\u00e9es mortellement par un train ce jeudi 28\u00a0ao\u00fbt au matin dans un tunnel \u00e0 Lormont, pr\u00e8s de Bordeaux. \u00abLes circonstances, y compris l\u2019heure du d\u00e9c\u00e8s, restent \u00e0 d\u00e9terminer, et ce d\u2019autant qu\u2019aucun conducteur de train n\u2019a signal\u00e9 \u00e0 ce stade cette percussion, qui n\u2019a pas n\u00e9cessairement \u00e9t\u00e9 frontale\u00bb, pr\u00e9cise le procureur de la R\u00e9publique de Bordeaux, Renaud Gaudeul, dans un communiqu\u00e9.<\/p>\n<p class=\"sc-ksZaOG ehjQrN text-element\">Les deux jeunes filles, \u00e2g\u00e9es de 14\u00a0ans et 15\u00a0ans, ont pu \u00eatre happ\u00e9es par un train dans le tunnel sans que le conducteur ne s\u2019en aper\u00e7oive, a indiqu\u00e9 \u00e0 l\u2019AFP une source proche du dossier, pour qui l\u2019absence de signalement par le personnel SNCF \u00e9taye cette hypoth\u00e8se accidentelle. La compagnie a pour sa part indiqu\u00e9 \u00e0 l\u2019AFP qu\u2019elle \u00abne s\u2019exprimera[it] pas\u00bb.<\/p>\n<p class=\"sc-ksZaOG ehjQrN text-element\">Selon le magistrat, les parents des deux jeunes filles, \u00abdemeurant pour l\u2019une \u00e0 Lormont et l\u2019autre \u00e0 Bordeaux\u00bb ont signal\u00e9 leur disparition au commissariat de Bordeaux dans la nuit de mercredi \u00e0 jeudi. \u00abCe matin, vers cinq heures et demie, le p\u00e8re de l\u2019une d\u2019elles a d\u00e9couvert le corps sans vie de sa fille et de son amie sur les voies de chemin de fer situ\u00e9es dans un tunnel \u00e0 Lormont. Il s\u2019\u00e9tait rendu sur les lieux apr\u00e8s avoir re\u00e7u de la part d\u2019une amie de sa fille une photo prise par celle-ci \u00e0 l\u2019entr\u00e9e du tunnel hier apr\u00e8s-midi\u00bb, poursuit Renaud Gaudeul dans son communiqu\u00e9.<\/p>\n<p class=\"sc-ksZaOG ehjQrN text-element\">Une enqu\u00eate aux fins de recherche des causes de la mort a \u00e9t\u00e9 ouverte imm\u00e9diatement et confi\u00e9e au commissariat de police de Bordeaux, indique-t-il encore. Plusieurs v\u00e9hicules des forces de l\u2019ordre, dont un de la police technique et scientifique, sont rest\u00e9s sur place toute la matin\u00e9e, pr\u00e8s du pont d\u2019Aquitaine qui enjambe la Garonne entre Bordeaux et Lormont, a constat\u00e9 l\u2019AFP.<\/p>\n<p class=\"sc-ksZaOG ehjQrN text-element\">Ils ont quitt\u00e9 la zone, d\u00e9limit\u00e9e par un ruban \u00abpolice nationale\u00bb, \u00e0 la mi-journ\u00e9e, tout comme deux fourgonnettes des pompes fun\u00e8bres qui \u00e9taient stationn\u00e9es devant le tunnel. La circulation des trains a \u00e9t\u00e9 interrompue sur cette voie le temps de leurs investigations. Une cellule d\u2019\u00e9coute psychologique \u00abau profit des familles des deux jeunes filles a \u00e9t\u00e9 mise en place imm\u00e9diatement\u00bb, dans des locaux mis \u00e0 disposition par la mairie de Lormont, selon le parquet.<\/p>\n","protected":false},"excerpt":{"rendered":"Deux adolescentes, dont les parents avaient signal\u00e9 la disparition dans la nuit, ont \u00e9t\u00e9 percut\u00e9es mortellement par un&hellip;\n","protected":false},"author":2,"featured_media":350234,"comment_status":"","ping_status":"","sticky":false,"template":"","format":"standard","meta":{"footnotes":""},"categories":[2817],"tags":[1111,11,1997,1777,674,118,1011,27,12,2219,25],"class_list":{"0":"post-350233","1":"post","2":"type-post","3":"status-publish","4":"format-standard","5":"has-post-thumbnail","7":"category-bordeaux","8":"tag-actu","9":"tag-actualites","10":"tag-bordeaux","11":"tag-eu","12":"tag-europe","13":"tag-faits-divers","14":"tag-fr","15":"tag-france","16":"tag-news","17":"tag-nouvelle-aquitaine","18":"tag-republique-francaise"},"share_on_mastodon":{"url":"https:\/\/pubeurope.com\/@fr\/115107169846880120","error":""},"_links":{"self":[{"href":"https:\/\/www.europesays.com\/fr\/wp-json\/wp\/v2\/posts\/350233","targetHints":{"allow":["GET"]}}],"collection":[{"href":"https:\/\/www.europesays.com\/fr\/wp-json\/wp\/v2\/posts"}],"about":[{"href":"https:\/\/www.europesays.com\/fr\/wp-json\/wp\/v2\/types\/post"}],"author":[{"embeddable":true,"href":"https:\/\/www.europesays.com\/fr\/wp-json\/wp\/v2\/users\/2"}],"replies":[{"embeddable":true,"href":"https:\/\/www.europesays.com\/fr\/wp-json\/wp\/v2\/comments?post=350233"}],"version-history":[{"count":0,"href":"https:\/\/www.europesays.com\/fr\/wp-json\/wp\/v2\/posts\/350233\/revisions"}],"wp:featuredmedia":[{"embeddable":true,"href":"https:\/\/www.europesays.com\/fr\/wp-json\/wp\/v2\/media\/350234"}],"wp:attachment":[{"href":"https:\/\/www.europesays.com\/fr\/wp-json\/wp\/v2\/media?parent=350233"}],"wp:term":[{"taxonomy":"category","embeddable":true,"href":"https:\/\/www.europesays.com\/fr\/wp-json\/wp\/v2\/categories?post=350233"},{"taxonomy":"post_tag","embeddable":true,"href":"https:\/\/www.europesays.com\/fr\/wp-json\/wp\/v2\/tags?post=350233"}],"curies":[{"name":"wp","href":"https:\/\/api.w.org\/{rel}","templated":true}]}}