{"id":350235,"date":"2025-08-28T15:46:11","date_gmt":"2025-08-28T15:46:11","guid":{"rendered":"https:\/\/www.europesays.com\/fr\/350235\/"},"modified":"2025-08-28T15:46:11","modified_gmt":"2025-08-28T15:46:11","slug":"pres-de-toulouse-une-autoroute-fermee-durant-la-nuit-voici-comment-se-deplacer","status":"publish","type":"post","link":"https:\/\/www.europesays.com\/fr\/350235\/","title":{"rendered":"Pr\u00e8s de Toulouse. Une autoroute ferm\u00e9e durant la nuit : voici comment se d\u00e9placer"},"content":{"rendered":"<p>            Par<br \/>\n        <strong><br \/>\n            <a href=\"https:\/\/actu.fr\/auteur\/lea-afonso\" title=\"Consulter tous les articles de L\u00e9a Afonso\" target=\"_blank\" rel=\"noopener\">L\u00e9a Afonso<\/a><br \/>\n        <\/strong><\/p>\n<p>        Publi\u00e9 le<\/p>\n<p>            28 ao\u00fbt 2025 \u00e0 17h15        <\/p>\n<p>Il va falloir adapter ses d\u00e9placements. Durant la nuit du jeudi 28 au vendredi 29 ao\u00fbt 2025, <strong>l\u2019A680<\/strong> sera <strong>ferm\u00e9e<\/strong> dans les <strong>deux sens de circulation<\/strong> sur un secteur particulier \u00e0 l\u2019est de <a href=\"https:\/\/actu.fr\/toulouse\/\" target=\"_blank\" rel=\"noopener\">Toulouse<\/a>. Voici les informations \u00e0 avoir.<\/p>\n<p>Une portion concern\u00e9e<\/p>\n<p class=\" wall-content\">Toulousains ou Castrais, la circulation va se compliquer si vous prenez la route en soir\u00e9e. Cette nuit du 28 au 29 ao\u00fbt, <strong>l\u2019A680<\/strong> entre <strong>l\u2019\u00e9changeur de Gragnague (n\u00b02) et Verfeil<\/strong> sera totalement <strong>ferm\u00e9e<\/strong> dans les deux sens, et ce,<strong> entre 20h et 7h du matin.<\/strong><\/p>\n<p class=\" wall-content\">Effectivement, \u00ab\u2009les \u00e9quipes VINCI Autoroutes poursuivent les op\u00e9rations d\u2019am\u00e9nagement de l\u2019A680\u2009\u00bb.<\/p>\n<p>    <img   decoding=\"async\" loading=\"lazy\" src=\"https:\/\/www.europesays.com\/fr\/wp-content\/uploads\/2025\/08\/vinci-autoroutes-960x640.png\" alt=\"Voici le secteur concern\u00e9 par la fermeture d'autoroute. \" width=\"960\" height=\"640\"\/><br \/>\n    Voici le secteur concern\u00e9 par la fermeture d\u2019autoroute. (\u00a9Capture d\u2019\u00e9cran Vinci Autoroutes)Des itin\u00e9raires \u00e0 privil\u00e9gier<\/p>\n<p class=\" wall-content\">Vinci Autoroutes indique donc plusieurs<strong> itin\u00e9raires \u00e0 privil\u00e9gier<\/strong> pour ses d\u00e9placements\u2009:<\/p>\n<p>Vid\u00e9os : en ce moment sur Actu<\/p>\n<ul class=\" wall-content\">\n<li>en direction de Castres depuis l\u2019A68, les conducteurs seront invit\u00e9s \u00e0 sortir \u00e0 Montastruc (n\u00b03) afin de suivre les d\u00e9viations sur le r\u00e9seau secondaire (RD888 et RD20 jusqu\u2019au rond-point de Verfeil)<\/li>\n<li>depuis Castres et en direction de l\u2019agglom\u00e9ration toulousaine, les conducteurs seront invit\u00e9s \u00e0 rejoindre l\u2019entr\u00e9e de l\u2019Union (n\u00b01) via le r\u00e9seau secondaire (RD112, M112 et M59).<\/li>\n<\/ul>\n<p class=\" wall-content\">Fl\u00e9ch\u00e9s \u00e0 l\u2019aide de panneaux jaunes, ces itin\u00e9raires de substitutions seront visibles tout le long du trajet.<\/p>\n<p>Votre r\u00e9gion, votre actu !<\/p>\n<p>Recevez chaque jour les infos qui comptent pour vous.<\/p>\n<p>\t<a href=\"https:\/\/actu.fr\/newsletter\" class=\"ac-btn ac-btn--corner ac-btn--medium ac-btn--blue800\" target=\"_blank\" rel=\"noopener\">S&rsquo;incrire<\/a><\/p>\n<p class=\" wall-content\">Personnalisez votre actualit\u00e9 en ajoutant vos villes et m\u00e9dias en favori avec <a href=\"https:\/\/moncompte.actu.fr\" title=\"D\u00e9couvez Mon Actu\" rel=\"nofollow noopener\" data-trk=\"{&quot;cta&quot;:{&quot;action&quot;:&quot;https:\\\/\\\/moncompte.actu.fr&quot;,&quot;category&quot;:&quot;mon compte&quot;,&quot;from&quot;:&quot;article footer&quot;,&quot;name&quot;:&quot;Mon actu&quot;,&quot;type&quot;:&quot;cta&quot;}}\" target=\"_blank\">Mon Actu<\/a>.<\/p>\n","protected":false},"excerpt":{"rendered":"Par L\u00e9a Afonso Publi\u00e9 le 28 ao\u00fbt 2025 \u00e0 17h15 Il va falloir adapter ses d\u00e9placements. Durant la&hellip;\n","protected":false},"author":2,"featured_media":350236,"comment_status":"","ping_status":"","sticky":false,"template":"","format":"standard","meta":{"footnotes":""},"categories":[2816],"tags":[1111,11,1777,674,1011,27,12,2680,4800,25,104,2312],"class_list":{"0":"post-350235","1":"post","2":"type-post","3":"status-publish","4":"format-standard","5":"has-post-thumbnail","7":"category-toulouse","8":"tag-actu","9":"tag-actualites","10":"tag-eu","11":"tag-europe","12":"tag-fr","13":"tag-france","14":"tag-news","15":"tag-occitanie","16":"tag-peripherique-de-toulouse","17":"tag-republique-francaise","18":"tag-societe","19":"tag-toulouse"},"share_on_mastodon":{"url":"https:\/\/pubeurope.com\/@fr\/115107174253501340","error":""},"_links":{"self":[{"href":"https:\/\/www.europesays.com\/fr\/wp-json\/wp\/v2\/posts\/350235","targetHints":{"allow":["GET"]}}],"collection":[{"href":"https:\/\/www.europesays.com\/fr\/wp-json\/wp\/v2\/posts"}],"about":[{"href":"https:\/\/www.europesays.com\/fr\/wp-json\/wp\/v2\/types\/post"}],"author":[{"embeddable":true,"href":"https:\/\/www.europesays.com\/fr\/wp-json\/wp\/v2\/users\/2"}],"replies":[{"embeddable":true,"href":"https:\/\/www.europesays.com\/fr\/wp-json\/wp\/v2\/comments?post=350235"}],"version-history":[{"count":0,"href":"https:\/\/www.europesays.com\/fr\/wp-json\/wp\/v2\/posts\/350235\/revisions"}],"wp:featuredmedia":[{"embeddable":true,"href":"https:\/\/www.europesays.com\/fr\/wp-json\/wp\/v2\/media\/350236"}],"wp:attachment":[{"href":"https:\/\/www.europesays.com\/fr\/wp-json\/wp\/v2\/media?parent=350235"}],"wp:term":[{"taxonomy":"category","embeddable":true,"href":"https:\/\/www.europesays.com\/fr\/wp-json\/wp\/v2\/categories?post=350235"},{"taxonomy":"post_tag","embeddable":true,"href":"https:\/\/www.europesays.com\/fr\/wp-json\/wp\/v2\/tags?post=350235"}],"curies":[{"name":"wp","href":"https:\/\/api.w.org\/{rel}","templated":true}]}}