{"id":350239,"date":"2025-08-28T15:48:29","date_gmt":"2025-08-28T15:48:29","guid":{"rendered":"https:\/\/www.europesays.com\/fr\/350239\/"},"modified":"2025-08-28T15:48:29","modified_gmt":"2025-08-28T15:48:29","slug":"le-festival-international-du-court-metrage-revient-a-lille-on-vous-devoile-la-programmation-28-08-2025","status":"publish","type":"post","link":"https:\/\/www.europesays.com\/fr\/350239\/","title":{"rendered":"Le Festival international du court m\u00e9trage revient \u00e0 Lille, on vous d\u00e9voile la programmation &#8211; 28\/08\/2025"},"content":{"rendered":"<p>\n        Le rendez-vous annuel pour les adeptes du court-m\u00e9trage arrive \u00e0 grands pas. Du 18 au 28 septembre, le Festival international du court-m\u00e9trage de Lille proposera comme d&rsquo;hab&rsquo; un programme bien charg\u00e9 et majoritairement gratuit, pour s&rsquo;en mettre plein les mirettes. On vous d\u00e9taille tout \u00e7a.\u00a0<\/p>\n<p>Pour la rentr\u00e9e, pas question de s&rsquo;enfermer chez soi en d\u00e9primant parce que les vacances sont finies. Lille regorge d&rsquo;\u00e9v\u00e9nements culturels et festifs qu&rsquo;il serait dommage de louper, comme le traditionnel Festival international du court-m\u00e9trage qui d\u00e9marre le 18 septembre pour dix jours de cin\u00e9ma, dans quatre spots de la ville.<\/p>\n<p>Et la nouvelle\u00a0qui fait toujours plaisir, c&rsquo;est que sur toutes les projections pr\u00e9vues, la tr\u00e8s grande majorit\u00e9 est gratuite. Une partie de la programmation ne n\u00e9cessite pas de r\u00e9sa&rsquo;, mais certains \u00e9v\u00e9nements du festoche oui (Nuit de l&rsquo;animation et autres), voil\u00e0 pourquoi on vous en parle si t\u00f4t.<\/p>\n<p>      <a data-fslightbox=\"lightbox-73093\" data-caption=\"Quatre spots &#xE0; noter : Le PBA, la Gare Saint-Sauveur, le cin&#xE9;ma L&#039;Univers et le Th&#xE9;&#xE2;tre S&#xE9;bastopol @Les Rencontres Audiovisuelles\" href=\"https:\/\/vozer.s3.eu-west-3.amazonaws.com\/production\/1756373351\/n0s11az007sbpb9ykz4cwmesz652\/plein_air_festival_international_court_metrage_lille2-1.jpg\" rel=\"nofollow noopener\" target=\"_blank\"><br \/>\n        <img decoding=\"async\" class=\"mw-100 lazy\" alt=\"Quatre spots &#xE0; noter : Le PBA, la Gare Saint-Sauveur, le cin&#xE9;ma L'Univers et le Th&#xE9;&#xE2;tre S&#xE9;bastopol @Les Rencontres Audiovisuelles\" lazy=\"true\" src=\"https:\/\/www.europesays.com\/fr\/wp-content\/uploads\/2025\/08\/plein_air_festival_international_court_metrage_lille2-1.webp.webp\"\/><br \/>\n      <\/a><br \/>\n        Quatre spots \u00e0 noter : Le PBA, la Gare Saint-Sauveur, le cin\u00e9ma L&rsquo;Univers et le Th\u00e9\u00e2tre S\u00e9bastopol @Les Rencontres Audiovisuelles<\/p>\n<p>Maintenant, rentrons dans le d\u00e9tail de la programmation\u00a0made by\u00a0Les Rencontres Audiovisuelles, pour que vous puissiez d&rsquo;ores et d\u00e9j\u00e0 faire votre march\u00e9 dans les projections, les rencontres, la masterclass et les soir\u00e9es d&rsquo;ouverture et de cl\u00f4ture.<\/p>\n<p>Les \u00e9v\u00e9nements gratuits et sans r\u00e9servation<\/p>\n<ul>\n<li><b>La comp\u00e9tition de courts-m\u00e9trages<\/b><\/li>\n<\/ul>\n<p>Une trentaine de films en tout genre (animation, fiction, documentaire, exp\u00e9rimental) de r\u00e9alisateur\u00b7rices fran\u00e7ais\u00b7es et d&rsquo;ailleurs vont tenter de conqu\u00e9rir votre c\u0153ur. Car le jury, c&rsquo;est vous. Vous pouvez au choix, mater les films \u00e0 :<\/p>\n<ul>&#13;<\/p>\n<li>Gare Saint-Sauveur entre le 10 et le 24 septembre en plein air ou au chaud dans la salle de cin\u00e9ma \u00e0 l&rsquo;int\u00e9rieur<\/li>\n<p>&#13;<\/p>\n<li>l&rsquo;Auditorium du Palais des Beaux-Arts entre le 22 et le 26 septembre<\/li>\n<p>&#13;<\/ul>\n<p>Pour taper la discut&rsquo; aux r\u00e9alisateur\u00b7rices de la comp\u00e9tition, rendez-vous le 27 septembre \u00e0 partir de 16h30 pour le Caf\u00e9 des r\u00e9als, au bar des Sarrazins \u00e0 Wazemmes. Une autre projection des films sera propos\u00e9e juste avant, \u00e0 14h30.\u00a0<\/p>\n<ul>\n<li><b>La masterclass de Pierre-Luc Granjon<\/b><\/li>\n<\/ul>\n<p>Multi-prim\u00e9, l&rsquo;invit\u00e9 d&rsquo;honneur Pierre-Luc Granjon vous proposera de mater quatre de ses \u0153uvres et d&rsquo;assister \u00e0 une masterclass le 20 septembre \u00e0 14h dans la salle de cin\u00e9 de la Gare Saint-Sauveur.<\/p>\n<ul>\n<li><b>Le Best-of \u00e9coles d&rsquo;anim&rsquo; et l&rsquo;Avant-premi\u00e8re<\/b><\/li>\n<\/ul>\n<p>Le 21 septembre \u00e0 18h30 \u00e0 la Gare Saint-Sauveur et le 26 septembre \u00e0 20h au cin\u00e9ma l&rsquo;Univers, les jeunes r\u00e9alisateur\u00b7rices de plusieurs \u00e9coles d&rsquo;animation europ\u00e9ennes vous invitent \u00e0 deux soir\u00e9es 100% animation. L&rsquo;occasion de rencontrer les cr\u00e9ateur\u00b7rices de demain et de d\u00e9couvrir leurs films.<\/p>\n<p>Dans le m\u00eame style, vous allez pouvoir d\u00e9couvrir 11 tr\u00e8s courts-m\u00e9trages d&rsquo;animation sur le th\u00e8me \u00ab\u00a0premi\u00e8re page\u00a0\u00bb r\u00e9alis\u00e9s par des jeunes dipl\u00f4m\u00e9\u00b7es. Le rendez-vous est donn\u00e9 le 21 septembre \u00e0 14h30, toujours au m\u00eame endroit.<\/p>\n<p>Les \u00e9v\u00e9nements sur r\u00e9servation<\/p>\n<ul>\n<li><b>Les soir\u00e9es (gratuites) d&rsquo;ouverture et de cl\u00f4ture<\/b><\/li>\n<\/ul>\n<p>Pour la soir\u00e9e d&rsquo;ouverture qui a lieu le 18 septembre \u00e0 20h \u00e0 St-So, vous allez pouvoir d\u00e9couvrir des cr\u00e9ations r\u00e9gionales. Pour la soir\u00e9e de cl\u00f4ture, elle se d\u00e9roule cette fois-ci au Th\u00e9\u00e2tre S\u00e9bastopol le 28 septembre \u00e0 19h, et c&rsquo;est l\u00e0 que vous allez pouvoir d\u00e9couvrir le Palmar\u00e8s 2025, les heureux\u00b7ses gagnant\u00b7es de la comp\u00e9tition et du Marathon du Court, suivie de la projection des films prim\u00e9s.<\/p>\n<p>&gt;&gt;\u00a0<a target=\"_blank\" href=\"https:\/\/docs.google.com\/forms\/d\/e\/1FAIpQLSea7ciQ2hASCEvO3s0yFdCd_UnGIcQ6Ow3ZczR5gUSUjdDn4Q\/viewform\" rel=\"nofollow noopener\">R\u00e9servation de la soir\u00e9e d&rsquo;ouverture<\/a>\u00a0\/\/\u00a0<a target=\"_blank\" href=\"https:\/\/docs.google.com\/forms\/d\/e\/1FAIpQLSelo2rubwEZQnzVLLm0ICcRCjwpki8Pq_l2Sa5MhVZUJfKK9g\/viewform\" rel=\"nofollow noopener\">R\u00e9servation de la soir\u00e9e de cl\u00f4ture<\/a><\/p>\n<ul>\n<li><b>Le Marathon du court (payant)<\/b><\/li>\n<\/ul>\n<p>L\u00e0, c&rsquo;est \u00e0 vous de jouer. Pour la 19e \u00e9dition du Marathon du court, le principe est toujours le m\u00eame : avec votre \u00e9quipe, vous avez 48h entre le 19 et le 21 septembre pour cr\u00e9er un film de 4 minutes sur un th\u00e8me donn\u00e9. Un jury pro r\u00e9compensera les meilleur\u00b7es parmi vous. Comptez 40\u20ac pour vous inscrire avec votre team. Les projections ouvertes \u00e0 tous\u00b7tes (et gratuites) auront lieu \u00e0 14h30 le 28 septembre au S\u00e9basto.<\/p>\n<p>&gt;&gt;\u00a0<a target=\"_blank\" href=\"https:\/\/www.helloasso.com\/associations\/rencontres-audiovisuelles\/evenements\/inscription-marathon-du-court-2025-48h-pour-vivre\" rel=\"nofollow noopener\">Inscription<\/a><\/p>\n<p>      <a data-fslightbox=\"lightbox-73097\" data-caption=\"Photo d&#039;archives de La Nuit de l&#039;animation @Les Rencontres Audiovisuelles\" href=\"https:\/\/vozer.s3.eu-west-3.amazonaws.com\/production\/1756373351\/ugtvg2ywtes6989rkc28cyl2tml8\/nuit_animation.jpg\" rel=\"nofollow noopener\" target=\"_blank\"><br \/>\n        <img decoding=\"async\" class=\"mw-100 lazy\" alt=\"Photo d'archives de La Nuit de l'animation @Les Rencontres Audiovisuelles\" lazy=\"true\" src=\"https:\/\/www.europesays.com\/fr\/wp-content\/uploads\/2025\/08\/nuit_animation.webp.webp\"\/><br \/>\n      <\/a><br \/>\n        Photo d&rsquo;archives de La Nuit de l&rsquo;animation @Les Rencontres Audiovisuelles<\/p>\n<ul>\n<li><b>La Nuit de l&rsquo;animation (payant)<\/b><\/li>\n<\/ul>\n<p>On finit avec l&rsquo;un des \u00e9v\u00e9nements les plus attendus du festival. La Nuit de l&rsquo;animation, pour celles et ceux qui ne connaissent pas, consiste \u00e0 mater toute la night, des films d&rsquo;animation, dans une bonne ambiance. Le rendez-vous est donn\u00e9 le 27 septembre de 21h \u00e0 6h du matin, au Th\u00e9\u00e2tre S\u00e9bastopol. Comptez 18\u20ac en tarif normal et 13\u20ac si vous \u00eates \u00e9tudiant\u00b7es ou demandeur\u00b7es d&#8217;emploi.<br \/>&gt;&gt;\u00a0<a target=\"_blank\" href=\"https:\/\/www.helloasso.com\/associations\/rencontres-audiovisuelles\/evenements\/festival-2025-nuit-de-l-animation-samedi-27-sept-21h-theatre-sebastopol\" rel=\"nofollow noopener\">R\u00e9servation<\/a><\/p>\n<p>Il y a aussi une programmation pour les enfants, mais on vous laisse la d\u00e9couvrir sur le site du festival (le lien est dans les infos pratiques).<\/p>\n","protected":false},"excerpt":{"rendered":"Le rendez-vous annuel pour les adeptes du court-m\u00e9trage arrive \u00e0 grands pas. Du 18 au 28 septembre, le&hellip;\n","protected":false},"author":2,"featured_media":350240,"comment_status":"","ping_status":"","sticky":false,"template":"","format":"standard","meta":{"footnotes":""},"categories":[2815],"tags":[1111,11,1777,674,1011,27,811,1307,12,25],"class_list":{"0":"post-350239","1":"post","2":"type-post","3":"status-publish","4":"format-standard","5":"has-post-thumbnail","7":"category-lille","8":"tag-actu","9":"tag-actualites","10":"tag-eu","11":"tag-europe","12":"tag-fr","13":"tag-france","14":"tag-hauts-de-france","15":"tag-lille","16":"tag-news","17":"tag-republique-francaise"},"share_on_mastodon":{"url":"https:\/\/pubeurope.com\/@fr\/115107181875548996","error":""},"_links":{"self":[{"href":"https:\/\/www.europesays.com\/fr\/wp-json\/wp\/v2\/posts\/350239","targetHints":{"allow":["GET"]}}],"collection":[{"href":"https:\/\/www.europesays.com\/fr\/wp-json\/wp\/v2\/posts"}],"about":[{"href":"https:\/\/www.europesays.com\/fr\/wp-json\/wp\/v2\/types\/post"}],"author":[{"embeddable":true,"href":"https:\/\/www.europesays.com\/fr\/wp-json\/wp\/v2\/users\/2"}],"replies":[{"embeddable":true,"href":"https:\/\/www.europesays.com\/fr\/wp-json\/wp\/v2\/comments?post=350239"}],"version-history":[{"count":0,"href":"https:\/\/www.europesays.com\/fr\/wp-json\/wp\/v2\/posts\/350239\/revisions"}],"wp:featuredmedia":[{"embeddable":true,"href":"https:\/\/www.europesays.com\/fr\/wp-json\/wp\/v2\/media\/350240"}],"wp:attachment":[{"href":"https:\/\/www.europesays.com\/fr\/wp-json\/wp\/v2\/media?parent=350239"}],"wp:term":[{"taxonomy":"category","embeddable":true,"href":"https:\/\/www.europesays.com\/fr\/wp-json\/wp\/v2\/categories?post=350239"},{"taxonomy":"post_tag","embeddable":true,"href":"https:\/\/www.europesays.com\/fr\/wp-json\/wp\/v2\/tags?post=350239"}],"curies":[{"name":"wp","href":"https:\/\/api.w.org\/{rel}","templated":true}]}}