{"id":350241,"date":"2025-08-28T15:49:14","date_gmt":"2025-08-28T15:49:14","guid":{"rendered":"https:\/\/www.europesays.com\/fr\/350241\/"},"modified":"2025-08-28T15:49:14","modified_gmt":"2025-08-28T15:49:14","slug":"apres-un-ete-de-galeres-le-tram-reprend-enfin-du-service-a-lille","status":"publish","type":"post","link":"https:\/\/www.europesays.com\/fr\/350241\/","title":{"rendered":"Apr\u00e8s un \u00e9t\u00e9 de gal\u00e8res, le tram reprend enfin du service \u00e0 Lille"},"content":{"rendered":"<p><b>Le tram sort du tunnel<\/b>&#13;<\/p>\n<p>Apr\u00e8s <strong><a href=\"https:\/\/www.lebonbon.fr\/lille\/societe\/plus-tram-rentree-survivre-ete-lille\/\" rel=\"nofollow noopener\" target=\"_blank\">plusieurs semaines de travaux de r\u00e9novation<\/a> <\/strong>et de mise en conformit\u00e9<strong>, les lignes Roubaix et Tourcoing reprennent du service <\/strong>complet \u00e0 partir du <strong>1er Septembre.<\/strong> Et pour \u00e9viter que ton dimanche ne soit encore une mission patience,<strong> la fr\u00e9quence s\u2019am\u00e9liore\u00a0:<\/strong> toutes les dix minutes sur le tronc commun et toutes les vingt minutes sur les branches. De quoi retrouver un peu de fluidit\u00e9 pour tes balades, tes sorties culturelles ou tes retours de brunch tardifs.<\/p>\n<p>&#13;<\/p>\n<blockquote class=\"instagram-media\" data-instgrm-permalink=\"https:\/\/www.instagram.com\/p\/DFGGFj4NDYu\/?utm_source=ig_embed&amp;utm_campaign=loading\" data-instgrm-version=\"14\" style=\"background: #FFF; border: 0; border-radius: 3px; box-shadow: 0 0 1px 0 rgba(0,0,0,0.5),0 1px 10px 0 rgba(0,0,0,0.15); margin: 1px; max-width: 540px; min-width: 326px; padding: 0; width: calc(100% - 2px);\"><p>&#13;<br \/>\n&#13;\n<\/p><\/blockquote>\n<p>&#13;<br \/>\n&#13;<br \/>\n<b>Le m\u00e9tro se met aussi \u00e0 l\u2019heure<\/b>&#13;<\/p>\n<p>C\u00f4t\u00e9 m\u00e9tro, il y a aussi du mouvement.<strong> La ligne 2 pousse d\u00e9sormais jusqu\u2019\u00e0 1h30 le samedi soir<\/strong>, pratique pour rentrer apr\u00e8s un dernier verre. Les premiers<strong> d\u00e9parts sont avanc\u00e9s \u00e0 5h du matin<\/strong> du lundi au samedi et \u00e0 6h le dimanche, histoire de coller aux premiers trains de la gare. Et bonne nouvelle pour les habitu\u00e9s\u00a0: le terminus partiel \u00e0 Fort de Mons dispara\u00eet. Toutes les rames fileront d\u00e9sormais jusqu\u2019au CH Dron.<\/p>\n<p>&#13;<\/p>\n<blockquote class=\"instagram-media\" data-instgrm-permalink=\"https:\/\/www.instagram.com\/p\/DKSGTsmNH4e\/?utm_source=ig_embed&amp;utm_campaign=loading\" data-instgrm-version=\"14\" style=\"background: #FFF; border: 0; border-radius: 3px; box-shadow: 0 0 1px 0 rgba(0,0,0,0.5),0 1px 10px 0 rgba(0,0,0,0.15); margin: 1px; max-width: 540px; min-width: 326px; padding: 0; width: calc(100% - 2px);\"><p>&#13;<br \/>\n&#13;\n<\/p><\/blockquote>\n<p>&#13;<br \/>\n&#13;<br \/>\n<b>En attendant 2026<\/b>&#13;<\/p>\n<p>Ces changements marquent surtout un retour \u00e0 la normale apr\u00e8s un \u00e9t\u00e9 de gal\u00e8res pour beaucoup d\u2019usagers, mais ils posent aussi les bases de la <a href=\"https:\/\/www.lebonbon.fr\/lille\/news\/nouvelle-ligne-tramway-lille-ne-passera-pas-par-centre-ville\/\" rel=\"nofollow noopener\" target=\"_blank\"><strong>grande transformation pr\u00e9vue en 2026<\/strong>,<\/a> avec l\u2019arriv\u00e9e du nouveau mat\u00e9riel roulant. En attendant, il reste d\u00e9j\u00e0 le plaisir simple de voir passer un tram\u2026 \u00e0 l\u2019heure.<\/p>\n<p>&#13;<\/p>\n<p>Plus d&rsquo;infos par <a href=\"https:\/\/www.ilevia.fr\/cms\/actualite\/travaux-tramway\" rel=\"nofollow noopener noreferrer\" target=\"_blank\">ici<\/a><\/p>\n<p><script async src=\"\/\/www.instagram.com\/embed.js\"><\/script><\/p>\n","protected":false},"excerpt":{"rendered":"Le tram sort du tunnel&#13; Apr\u00e8s plusieurs semaines de travaux de r\u00e9novation et de mise en conformit\u00e9, les&hellip;\n","protected":false},"author":2,"featured_media":350242,"comment_status":"","ping_status":"","sticky":false,"template":"","format":"standard","meta":{"footnotes":""},"categories":[2815],"tags":[1111,11,1777,674,1011,27,811,1307,12,25],"class_list":{"0":"post-350241","1":"post","2":"type-post","3":"status-publish","4":"format-standard","5":"has-post-thumbnail","7":"category-lille","8":"tag-actu","9":"tag-actualites","10":"tag-eu","11":"tag-europe","12":"tag-fr","13":"tag-france","14":"tag-hauts-de-france","15":"tag-lille","16":"tag-news","17":"tag-republique-francaise"},"share_on_mastodon":{"url":"https:\/\/pubeurope.com\/@fr\/115107185606447835","error":""},"_links":{"self":[{"href":"https:\/\/www.europesays.com\/fr\/wp-json\/wp\/v2\/posts\/350241","targetHints":{"allow":["GET"]}}],"collection":[{"href":"https:\/\/www.europesays.com\/fr\/wp-json\/wp\/v2\/posts"}],"about":[{"href":"https:\/\/www.europesays.com\/fr\/wp-json\/wp\/v2\/types\/post"}],"author":[{"embeddable":true,"href":"https:\/\/www.europesays.com\/fr\/wp-json\/wp\/v2\/users\/2"}],"replies":[{"embeddable":true,"href":"https:\/\/www.europesays.com\/fr\/wp-json\/wp\/v2\/comments?post=350241"}],"version-history":[{"count":0,"href":"https:\/\/www.europesays.com\/fr\/wp-json\/wp\/v2\/posts\/350241\/revisions"}],"wp:featuredmedia":[{"embeddable":true,"href":"https:\/\/www.europesays.com\/fr\/wp-json\/wp\/v2\/media\/350242"}],"wp:attachment":[{"href":"https:\/\/www.europesays.com\/fr\/wp-json\/wp\/v2\/media?parent=350241"}],"wp:term":[{"taxonomy":"category","embeddable":true,"href":"https:\/\/www.europesays.com\/fr\/wp-json\/wp\/v2\/categories?post=350241"},{"taxonomy":"post_tag","embeddable":true,"href":"https:\/\/www.europesays.com\/fr\/wp-json\/wp\/v2\/tags?post=350241"}],"curies":[{"name":"wp","href":"https:\/\/api.w.org\/{rel}","templated":true}]}}