{"id":350243,"date":"2025-08-28T15:50:12","date_gmt":"2025-08-28T15:50:12","guid":{"rendered":"https:\/\/www.europesays.com\/fr\/350243\/"},"modified":"2025-08-28T15:50:12","modified_gmt":"2025-08-28T15:50:12","slug":"voila-ce-quil-se-passe-2","status":"publish","type":"post","link":"https:\/\/www.europesays.com\/fr\/350243\/","title":{"rendered":"voil\u00e0 ce qu&rsquo;il se passe"},"content":{"rendered":"<p>            Par<br \/>\n        <strong><br \/>\n            <a href=\"https:\/\/actu.fr\/auteur\/fabien-binacchi\" title=\"Consulter tous les articles de Fabien Binacchi\" target=\"_blank\" rel=\"noopener\">Fabien Binacchi<\/a><br \/>\n        <\/strong><\/p>\n<p>        Publi\u00e9 le<\/p>\n<p>            28 ao\u00fbt 2025 \u00e0 15h58        <\/p>\n<p>Un incident sur la ligne entre Paris et Lyon <strong>impacte tr\u00e8s fortement le trafic<\/strong> \u00e0 l\u2019arriv\u00e9e et au d\u00e9part de la gare de <a href=\"https:\/\/actu.fr\/marseille\/\" target=\"_blank\" rel=\"noopener\">Marseille<\/a> <a href=\"https:\/\/actu.fr\/tag\/gare-saint-charles\" target=\"_blank\" rel=\"noopener\">Saint-Charles<\/a> ce jeudi 28\u00a0ao\u00fbt 2025. De nombreux trains accusent des retards importants,<strong> jusqu\u2019\u00e0 pr\u00e8s de trois heures.<\/strong><\/p>\n<p class=\" wall-content\">Voil\u00e0 ce qu\u2019il se passe.<\/p>\n<p>Un \u00ab\u2009vol de c\u00e2bles\u2009\u00bb en cause<\/p>\n<p class=\" wall-content\">Les voyageurs doivent prendre leur mal en patience. Depuis la mi-journ\u00e9e, ce jeudi 28\u00a0ao\u00fbt, <strong>les horaires de nombreux trains \u00ab\u2009grandes lignes\u2009\u00bb<\/strong> au d\u00e9part et \u00e0 l\u2019arriv\u00e9e de la gare Saint-Charles sont chamboul\u00e9s, comme l\u2019a rep\u00e9r\u00e9 <a href=\"https:\/\/www.laprovence.com\/article\/region\/2888348949215914\/sncf-jusqua-2h40-de-retard-sur-la-ligne-tgv-du-sud-est-pour-cause-de-vol-de-cables\" target=\"_blank\" rel=\"noopener\">La Provence<\/a>.<\/p>\n<p class=\" wall-content\">\u00ab\u2009Le trafic est fortement perturb\u00e9\u2009\u00bb, annonce la SNCF. La cause\u2009? Un \u00ab\u2009vol de c\u00e2bles avec <strong>anomalies de signalisation<\/strong> g\u00e9n\u00e9rant un ralentissement des trains entre Paris et Lyon\u2009\u00bb, pr\u00e9cise la soci\u00e9t\u00e9 ferroviaire sur son suivi en temps r\u00e9el des circulations.<\/p>\n<p>Jusqu\u2019\u00e0 3h de retard<\/p>\n<p class=\" wall-content\">Pr\u00e9vu pour un d\u00e9part \u00e0 15h54, les TGV Inoui 2096 vers Strasbourg et 9896 en direction de Metz sont notamment annonc\u00e9s avec un retard de 2h20 au d\u00e9part de Marseille.<\/p>\n<p class=\" wall-content\">Dans l\u2019autre sens, le Ouigo 7825 en provenance de Paris Gare de Lyon, qui devait arrivait \u00e0 quai dans la cit\u00e9 phoc\u00e9enne \u00e0 15h58, accuse un retard de 3h.<\/p>\n<p>\u00ab\u2009En cours d\u2019intervention\u2009\u00bb<\/p>\n<p class=\" wall-content\">\u00ab\u2009Pour contourner la zone de l\u2019incident, certains trains empruntent <strong>un itin\u00e9raire alternatif<\/strong> via la ligne classique\u2009\u00bb, pr\u00e9cise encore la SNCF. Ce qui ralentit le trafic.<\/p>\n<p>Votre r\u00e9gion, votre actu !<\/p>\n<p>Recevez chaque jour les infos qui comptent pour vous.<\/p>\n<p>\t<a href=\"https:\/\/actu.fr\/newsletter\" class=\"ac-btn ac-btn--corner ac-btn--medium ac-btn--blue800\" target=\"_blank\" rel=\"noopener\">S&rsquo;incrire<\/a><\/p>\n<p class=\" wall-content\">Aucune heure de reprise normale de la circulation n\u2019a pour le moment \u00e9tait communiqu\u00e9e. \u00ab\u2009Nos \u00e9quipes sont en cours d\u2019intervention\u2009\u00bb, fait-elle savoir.<\/p>\n<p class=\" wall-content\">Personnalisez votre actualit\u00e9 en ajoutant vos villes et m\u00e9dias en favori avec <a href=\"https:\/\/moncompte.actu.fr\" title=\"D\u00e9couvez Mon Actu\" rel=\"nofollow noopener\" data-trk=\"{&quot;cta&quot;:{&quot;action&quot;:&quot;https:\\\/\\\/moncompte.actu.fr&quot;,&quot;category&quot;:&quot;mon compte&quot;,&quot;from&quot;:&quot;article footer&quot;,&quot;name&quot;:&quot;Mon actu&quot;,&quot;type&quot;:&quot;cta&quot;}}\" target=\"_blank\">Mon Actu<\/a>.<\/p>\n","protected":false},"excerpt":{"rendered":"Par Fabien Binacchi Publi\u00e9 le 28 ao\u00fbt 2025 \u00e0 15h58 Un incident sur la ligne entre Paris et&hellip;\n","protected":false},"author":2,"featured_media":350244,"comment_status":"","ping_status":"","sticky":false,"template":"","format":"standard","meta":{"footnotes":""},"categories":[2814],"tags":[1111,11,1777,674,1011,27,6305,884,12,882,25,2215,104],"class_list":{"0":"post-350243","1":"post","2":"type-post","3":"status-publish","4":"format-standard","5":"has-post-thumbnail","7":"category-marseille","8":"tag-actu","9":"tag-actualites","10":"tag-eu","11":"tag-europe","12":"tag-fr","13":"tag-france","14":"tag-gare-saint-charles","15":"tag-marseille","16":"tag-news","17":"tag-provence-alpes-cote-dazur","18":"tag-republique-francaise","19":"tag-sncf","20":"tag-societe"},"share_on_mastodon":{"url":"https:\/\/pubeurope.com\/@fr\/115107189369693556","error":""},"_links":{"self":[{"href":"https:\/\/www.europesays.com\/fr\/wp-json\/wp\/v2\/posts\/350243","targetHints":{"allow":["GET"]}}],"collection":[{"href":"https:\/\/www.europesays.com\/fr\/wp-json\/wp\/v2\/posts"}],"about":[{"href":"https:\/\/www.europesays.com\/fr\/wp-json\/wp\/v2\/types\/post"}],"author":[{"embeddable":true,"href":"https:\/\/www.europesays.com\/fr\/wp-json\/wp\/v2\/users\/2"}],"replies":[{"embeddable":true,"href":"https:\/\/www.europesays.com\/fr\/wp-json\/wp\/v2\/comments?post=350243"}],"version-history":[{"count":0,"href":"https:\/\/www.europesays.com\/fr\/wp-json\/wp\/v2\/posts\/350243\/revisions"}],"wp:featuredmedia":[{"embeddable":true,"href":"https:\/\/www.europesays.com\/fr\/wp-json\/wp\/v2\/media\/350244"}],"wp:attachment":[{"href":"https:\/\/www.europesays.com\/fr\/wp-json\/wp\/v2\/media?parent=350243"}],"wp:term":[{"taxonomy":"category","embeddable":true,"href":"https:\/\/www.europesays.com\/fr\/wp-json\/wp\/v2\/categories?post=350243"},{"taxonomy":"post_tag","embeddable":true,"href":"https:\/\/www.europesays.com\/fr\/wp-json\/wp\/v2\/tags?post=350243"}],"curies":[{"name":"wp","href":"https:\/\/api.w.org\/{rel}","templated":true}]}}