{"id":350245,"date":"2025-08-28T15:55:30","date_gmt":"2025-08-28T15:55:30","guid":{"rendered":"https:\/\/www.europesays.com\/fr\/350245\/"},"modified":"2025-08-28T15:55:30","modified_gmt":"2025-08-28T15:55:30","slug":"a-rouen-et-a-marseille-rentree-rime-avec-gratuite","status":"publish","type":"post","link":"https:\/\/www.europesays.com\/fr\/350245\/","title":{"rendered":"\u00e0\u00a0Rouen et\u00a0\u00e0\u00a0Marseille, rentr\u00e9e rime avec gratuit\u00e9"},"content":{"rendered":"<p>Malgr\u00e9 les incertitudes budg\u00e9taires et l&rsquo;hostilit\u00e9 des op\u00e9rateurs, l&rsquo;approche des municipales en mars 2026 ranime le d\u00e9bat sur la gratuit\u00e9 des transports publics. A Lyon, Jean-Michel Aulas, candidat pressent, n&rsquo;a pas tard\u00e9 \u00e0 le relancer. En d\u00e9pit des r\u00e9serves \u00e9mises par la majorit\u00e9 \u00e9cologiste, le pr\u00e9sident d&rsquo;honneur de l&rsquo;OL jure, s&rsquo;il est \u00e9lu de supprimer le ticket payant \u00ab\u00a0pour tous les Lyonnais gagnant moins de 2.500 euros mensuels\u00a0\u00bb.<\/p>\n<p>A Rouen et Marseille, la question a \u00e9t\u00e9 d\u00e9battue et tranch\u00e9e durant l&rsquo;\u00e9t\u00e9. Gouvern\u00e9s respectivement par la gauche et par la droite, les conseils m\u00e9tropolitains ont vot\u00e9 pour une mise en \u0153uvre partielle de la gratuit\u00e9, \u00e0 compter de ce 1er septembre.<\/p>\n<p>Dans la capitale administrative de la Normandie, ce sont les moins de 18 ans -y compris les non-r\u00e9sident, qui sont concern\u00e9s. D\u00e8s ce lundi, les quelque 30.000 jeunes qui empruntaient quotidiennement ou occasionnellement le r\u00e9seau r\u00e9cemment r\u00e9attribu\u00e9 \u00e0 Transdev pourront monter dans les bus et les tramways sans s&rsquo;acquitter du paiement.<\/p>\n","protected":false},"excerpt":{"rendered":"Malgr\u00e9 les incertitudes budg\u00e9taires et l&rsquo;hostilit\u00e9 des op\u00e9rateurs, l&rsquo;approche des municipales en mars 2026 ranime le d\u00e9bat sur&hellip;\n","protected":false},"author":2,"featured_media":350246,"comment_status":"","ping_status":"","sticky":false,"template":"","format":"standard","meta":{"footnotes":""},"categories":[2814],"tags":[17,48657,1111,11,3396,645,48658,1777,674,1011,27,884,12,882,18889,28313,25,48659,800],"class_list":{"0":"post-350245","1":"post","2":"type-post","3":"status-publish","4":"format-standard","5":"has-post-thumbnail","7":"category-marseille","8":"tag-17","9":"tag-a-rouen","10":"tag-actu","11":"tag-actualites","12":"tag-avec","13":"tag-entreprises-finance","14":"tag-et-a-marseille","15":"tag-eu","16":"tag-europe","17":"tag-fr","18":"tag-france","19":"tag-marseille","20":"tag-news","21":"tag-provence-alpes-cote-dazur","22":"tag-publics","23":"tag-rentree","24":"tag-republique-francaise","25":"tag-rime","26":"tag-transports"},"share_on_mastodon":{"url":"https:\/\/pubeurope.com\/@fr\/115107209062418937","error":""},"_links":{"self":[{"href":"https:\/\/www.europesays.com\/fr\/wp-json\/wp\/v2\/posts\/350245","targetHints":{"allow":["GET"]}}],"collection":[{"href":"https:\/\/www.europesays.com\/fr\/wp-json\/wp\/v2\/posts"}],"about":[{"href":"https:\/\/www.europesays.com\/fr\/wp-json\/wp\/v2\/types\/post"}],"author":[{"embeddable":true,"href":"https:\/\/www.europesays.com\/fr\/wp-json\/wp\/v2\/users\/2"}],"replies":[{"embeddable":true,"href":"https:\/\/www.europesays.com\/fr\/wp-json\/wp\/v2\/comments?post=350245"}],"version-history":[{"count":0,"href":"https:\/\/www.europesays.com\/fr\/wp-json\/wp\/v2\/posts\/350245\/revisions"}],"wp:featuredmedia":[{"embeddable":true,"href":"https:\/\/www.europesays.com\/fr\/wp-json\/wp\/v2\/media\/350246"}],"wp:attachment":[{"href":"https:\/\/www.europesays.com\/fr\/wp-json\/wp\/v2\/media?parent=350245"}],"wp:term":[{"taxonomy":"category","embeddable":true,"href":"https:\/\/www.europesays.com\/fr\/wp-json\/wp\/v2\/categories?post=350245"},{"taxonomy":"post_tag","embeddable":true,"href":"https:\/\/www.europesays.com\/fr\/wp-json\/wp\/v2\/tags?post=350245"}],"curies":[{"name":"wp","href":"https:\/\/api.w.org\/{rel}","templated":true}]}}