{"id":350247,"date":"2025-08-28T15:56:27","date_gmt":"2025-08-28T15:56:27","guid":{"rendered":"https:\/\/www.europesays.com\/fr\/350247\/"},"modified":"2025-08-28T15:56:27","modified_gmt":"2025-08-28T15:56:27","slug":"14-ecoles-vont-heberger-des-enfants-a-la-rue-pour-cette-rentree","status":"publish","type":"post","link":"https:\/\/www.europesays.com\/fr\/350247\/","title":{"rendered":"14 \u00e9coles vont h\u00e9berger des enfants \u00e0 la rue pour cette rentr\u00e9e"},"content":{"rendered":"<p itemprop=\"description\"><strong>\u00c0 l\u2019approche de la rentr\u00e9e, plusieurs enfants errent dans les rues de Lyon.<\/strong><\/p>\n<p>Ce lundi 1er septembre marquera la grande rentr\u00e9e des classes pour tous les \u00e9l\u00e8ves du territoire. L\u2019occasion pour le collectif Jamais Sans Toit de faire le point sur la situation des enfants laiss\u00e9s \u00e0 la rue dans le Rh\u00f4ne, \u00e0 quelques jours de cet \u00e9v\u00e8nement. Dans la m\u00e9tropole lyonnaise, pr\u00e8s de 235 enfants ont \u00e9t\u00e9 mis \u00e0 l\u2019abri dans des \u00e9coles.<\/p>\n<p>Probl\u00e8me, la mobilisation de ce collectif ne suffit pas. \u00ab\u00a0\u00c0 Lyon, les soutiens b\u00e9n\u00e9voles (parents d&rsquo;\u00e9l\u00e8ves, enseignants) sont \u00e9puis\u00e9s et saturent. Les occupations d&rsquo;\u00e9cole s&rsquo;\u00e9ternisent : certaines familles y survivent depuis deux ans, dans des conditions extr\u00eamement spartiates\u00a0\u00bb, peut-on lire dans un communiqu\u00e9 paru ce jeudi 28 ao\u00fbt.<\/p>\n<p>Pour cette rentr\u00e9e 2025, Jamais Sans Toit a annonc\u00e9 que 14 \u00e9tablissements scolaires allaient s\u2019engager \u00e0 servir de refuge pour 40 enfants en situation de grande pr\u00e9carit\u00e9. \u00ab\u00a0Les occupations d&rsquo;\u00e9cole n&rsquo;avaient pas \u00e9t\u00e9 pens\u00e9es pour s&rsquo;installer dans la dur\u00e9e. Au-del\u00e0 d&rsquo;un certain temps, notre petit bricolage solidaire peut s&rsquo;assimiler \u00e0 de la maltraitance. Pas de vrais matelas, souvent pas de douches, une mise \u00e0 l&rsquo;abri tr\u00e8s rudimentaire, uniquement pour la nuit, avec des parents et des b\u00e9b\u00e9s en situation d&rsquo;errance pendant la journ\u00e9e et le week-end\u00a0\u00bb, a tout de m\u00eame tenu \u00e0 alerter le collectif.<\/p>\n<p>L\u2019\u00e9cole Michel Servet (Lyon 1er), douze \u00e9coles des 3e, 5e, 7e et 9e arrondissements, ainsi qu\u2019un \u00e9tablissement scolaire de V\u00e9nissieux s\u2019appr\u00eatent \u00e0 accueillir ces enfants d\u00e8s la rentr\u00e9e. \u00ab\u00a0Une mobilisation citoyenne inou\u00efe qui tente tant bien que mal d&rsquo;assurer une continuit\u00e9 dans l&rsquo;h\u00e9bergement\u00a0\u00bb, a martel\u00e9 Jamais Sans Toit.<\/p>\n","protected":false},"excerpt":{"rendered":"\u00c0 l\u2019approche de la rentr\u00e9e, plusieurs enfants errent dans les rues de Lyon. Ce lundi 1er septembre marquera&hellip;\n","protected":false},"author":2,"featured_media":350248,"comment_status":"","ping_status":"","sticky":false,"template":"","format":"standard","meta":{"footnotes":""},"categories":[1889],"tags":[1111,11,2813,2190,2430,1109,251,1112,2811,1777,674,118,1011,27,1922,1110,1114,2428,2810,12,241,316,25,2812,517,800],"class_list":{"0":"post-350247","1":"post","2":"type-post","3":"status-publish","4":"format-standard","5":"has-post-thumbnail","7":"category-lyon","8":"tag-actu","9":"tag-actualites","10":"tag-article","11":"tag-asvel","12":"tag-auvergne-rhone-alpes","13":"tag-breves","14":"tag-culture","15":"tag-depeches","16":"tag-economique","17":"tag-eu","18":"tag-europe","19":"tag-faits-divers","20":"tag-fr","21":"tag-france","22":"tag-info","23":"tag-informations","24":"tag-infos","25":"tag-lyon","26":"tag-lyonmag","27":"tag-news","28":"tag-ol","29":"tag-politique","30":"tag-republique-francaise","31":"tag-sociale","32":"tag-sport","33":"tag-transports"},"share_on_mastodon":{"url":"https:\/\/pubeurope.com\/@fr\/115107213297302924","error":""},"_links":{"self":[{"href":"https:\/\/www.europesays.com\/fr\/wp-json\/wp\/v2\/posts\/350247","targetHints":{"allow":["GET"]}}],"collection":[{"href":"https:\/\/www.europesays.com\/fr\/wp-json\/wp\/v2\/posts"}],"about":[{"href":"https:\/\/www.europesays.com\/fr\/wp-json\/wp\/v2\/types\/post"}],"author":[{"embeddable":true,"href":"https:\/\/www.europesays.com\/fr\/wp-json\/wp\/v2\/users\/2"}],"replies":[{"embeddable":true,"href":"https:\/\/www.europesays.com\/fr\/wp-json\/wp\/v2\/comments?post=350247"}],"version-history":[{"count":0,"href":"https:\/\/www.europesays.com\/fr\/wp-json\/wp\/v2\/posts\/350247\/revisions"}],"wp:featuredmedia":[{"embeddable":true,"href":"https:\/\/www.europesays.com\/fr\/wp-json\/wp\/v2\/media\/350248"}],"wp:attachment":[{"href":"https:\/\/www.europesays.com\/fr\/wp-json\/wp\/v2\/media?parent=350247"}],"wp:term":[{"taxonomy":"category","embeddable":true,"href":"https:\/\/www.europesays.com\/fr\/wp-json\/wp\/v2\/categories?post=350247"},{"taxonomy":"post_tag","embeddable":true,"href":"https:\/\/www.europesays.com\/fr\/wp-json\/wp\/v2\/tags?post=350247"}],"curies":[{"name":"wp","href":"https:\/\/api.w.org\/{rel}","templated":true}]}}