{"id":350249,"date":"2025-08-28T15:57:30","date_gmt":"2025-08-28T15:57:30","guid":{"rendered":"https:\/\/www.europesays.com\/fr\/350249\/"},"modified":"2025-08-28T15:57:30","modified_gmt":"2025-08-28T15:57:30","slug":"le-plateau-des-petites-roches","status":"publish","type":"post","link":"https:\/\/www.europesays.com\/fr\/350249\/","title":{"rendered":"le Plateau des Petites Roches"},"content":{"rendered":"<p>\t\t\t\t\t\t\t\t<img data-recalc-dims=\"1\" fetchpriority=\"high\" decoding=\"async\" class=\"alignnone wp-image-134166 size-medium\" title=\"lyon destination moins 2h sans voiture\" src=\"https:\/\/www.europesays.com\/fr\/wp-content\/uploads\/2025\/08\/plateau-des-petites-roches-alaine-douce-1920x960-1.jpeg\" alt=\"week-end autour lyon\" width=\"800\" height=\"400\"  \/><\/p>\n<p>Besoin de prendre de la hauteur ? On a mis le cap sur le Plateau des Petites Roches, \u00e0 moins d\u20191h30 de Lyon, pour une escapade suspendue entre ciel et cimes. Deux jours en pleine nature, loin du bitume et du bruit, sans voiture ni bouchons.<\/p>\n<p>La mission commence \u00e0 Lyon Part-Dieu, direction La Tronche en train (1h20 de trajet). Une fois arriv\u00e9s, un petit car nous emm\u00e8ne au c\u0153ur du plateau, ce balcon naturel avec vue XXL sur le massif de Belledonne.\u00c0 peine arriv\u00e9s, on est saisis par l\u2019air frais, le calme\u2026 et cette impression que le temps ralentit. Allez, on vous embarque avec nous ?<\/p>\n<p>Article en partenariat avec Partir-ici.fr, le guide pour mieux voyager en Auvergne-Rh\u00f4ne-Alpes<br \/>\n<img loading=\"lazy\" decoding=\"async\" class=\"alignnone size-medium wp-image-86194\" src=\"https:\/\/www.europesays.com\/fr\/wp-content\/uploads\/2025\/08\/aiguille-vercors-iStock-Mlenny.jpg\"   alt=\"\" width=\"800\" height=\"400\" data-recalc-dims=\"1\"\/><\/p>\n<p>Imagin\u00e9 par Auvergne-Rh\u00f4ne-Alpes Tourisme, Partir-ici.fr propose une foultitude d\u2019id\u00e9es pour trouver des <b>activit\u00e9s et h\u00e9bergements <\/b><b>pr\u00e8s de chez<\/b>\u00a0<b>soi<\/b> dans le respect du vivant et des territoires. Anim\u00e9 par une <b>communaut\u00e9 de passionn\u00e9s,<\/b> Partir-ici.fr regorge de lieux, d\u2019exp\u00e9riences et de personnes \u00e0 d\u00e9couvrir pour se convaincre (s\u2019il le fallait encore) qu\u2019on vit dans la plus belle r\u00e9gion de France !<\/p>\n<p style=\"text-align: center;\"><strong><a href=\"https:\/\/partir-ici.fr\/?utm_source=regie&amp;utm_medium=link&amp;utm_campaign=notoriete-r\u00e9gional-belledonne-lcc\" target=\"_blank\" rel=\"noopener nofollow\">www.partir-ici.fr<\/a><\/strong><\/p>\n<p>Jour 1 : rando, VTT et bain panoramique<br \/>\n<img loading=\"lazy\" data-recalc-dims=\"1\" decoding=\"async\" class=\"wp-image-134161 size-full\" title=\"chartreuse tourisme lyon \" src=\"https:\/\/www.europesays.com\/fr\/wp-content\/uploads\/2025\/08\/Plan-de-travail-2.png\" alt=\"cascade vtt plateau petites roches\" width=\"800\" height=\"470\"  \/>CP : Chartreuse Tourisme<\/p>\n<p>On d\u00e9marre doucement, histoire de se mettre dans le bain (spoiler : il arrive). Direction la <strong>balade des Dioux,<\/strong> une rando facile, parfaite pour s\u2019acclimater. Le sentier longe la falaise et offre des points de vue qui donnent le vertige. Entre sapins, prairies alpines et la jolie <strong>cascade<\/strong> des Dioux, on en prend plein les mirettes. L\u2019apr\u00e8s-midi, on enfourche un <strong>VTT \u00e9lectrique<\/strong> (oui on veut pas trop forcer non plus) pour une boucle de 15 km entre Saint-Hilaire et Saint-Bernard. For\u00eats, clairi\u00e8res, descentes et arr\u00eats photos \u00e0 gogo\u2026 On a beau transpirer un peu, on a surtout le smile accroch\u00e9 aux oreilles.<\/p>\n<p><img data-recalc-dims=\"1\" loading=\"lazy\" decoding=\"async\" class=\"alignnone wp-image-134154 size-medium\" title=\"week-end lyon\" src=\"https:\/\/www.europesays.com\/fr\/wp-content\/uploads\/2025\/08\/Bains-nordiques.jpg\" alt=\"bains nordiques\" width=\"800\" height=\"600\"  \/><\/p>\n<p>\u00c0 la fin de la journ\u00e9e, on est \u00e9puis\u00e9 et on s\u2019offre un moment magique : un <strong>bain nordique au Col de Marcieu<\/strong>, en mode jacuzzi g\u00e9ant sur <strong>terrasse panoramique<\/strong>. Eau bien chaude, brume l\u00e9g\u00e8re, montagnes \u00e0 perte de vue\u2026 L\u2019exp\u00e9rience est irr\u00e9elle. On aurait pu y passer la nuit.<br \/>\ud83d\udc49 <a href=\"https:\/\/partir-ici.fr\/offres\/bains-nordiques\/?utm_source=regie&amp;utm_medium=link&amp;utm_campaign=notoriete-r\u00e9gional-belledonne-lcc\" target=\"_blank\" rel=\"noopener nofollow\">Plus d\u2019infos sur les bains nordiques<\/a><\/p>\n<p>Jour 2 : escalade, burgers et ap\u00e9ro face aux cimes<\/p>\n<p><img data-recalc-dims=\"1\" loading=\"lazy\" decoding=\"async\" class=\"alignnone size-full wp-image-134164\" src=\"https:\/\/www.europesays.com\/fr\/wp-content\/uploads\/2025\/08\/Plan-de-travail-3.png\" alt=\"\" width=\"800\" height=\"470\"  \/><\/p>\n<p>R\u00e9veil aux aurores pour profiter au max de cette deuxi\u00e8me journ\u00e9e. Ce matin, on grimpe. Litt\u00e9ralement. Direction le<strong> site d\u2019escalade du Luisset<\/strong>. La vue ? D\u00e9mentielle. Que vous soyez <strong>novice ou grimpeur aguerri<\/strong>, les voies s\u2019adaptent \u00e0 <strong>tous les niveaux<\/strong>, et on se sent tout petit face \u00e0 l\u2019immensit\u00e9 de la montagne.\u00a0Apr\u00e8s cette mont\u00e9e d\u2019adr\u00e9naline, place au r\u00e9confort chez <strong>Route 61<\/strong> pour des <strong>burgers savoureux<\/strong> et des frites dor\u00e9es \u00e0 souhait ! On prend <strong>\u00e0 emporter pour d\u00e9guster le tout \u00e0 flanc de falaise<\/strong>. La digestion se fait tranquillement, allong\u00e9s sur l\u2019herbe.<\/p>\n<p><img data-recalc-dims=\"1\" loading=\"lazy\" decoding=\"async\" class=\"alignnone size-medium wp-image-134160\" src=\"https:\/\/www.europesays.com\/fr\/wp-content\/uploads\/2025\/08\/La-Ferme-des-Petites-Roches-Chevrerie.jpg\" alt=\"\" width=\"800\" height=\"450\"  \/><\/p>\n<p>Avant de redescendre, on fait un stop \u00e0 la <strong>Ferme des Petites Roches.<\/strong> Gros coup de c\u0153ur pour les fromages de ch\u00e8vre maison ! Du coup, oblig\u00e9 de repartir avec un sac rempli de douceurs laiti\u00e8res, histoire de prolonger un peu le week-end une fois de retour \u00e0 Lyon.<\/p>\n<p>\ud83d\udc49 <a href=\"https:\/\/partir-ici.fr\/offres\/la-ferme-des-petites-roches-chevrerie\/?utm_source=regie&amp;utm_medium=link&amp;utm_campaign=notoriete-r\u00e9gional-belledonne-lcc\" target=\"_blank\" rel=\"noopener nofollow\">Plus d\u2019infos sur la Ferme des Petites Roches<\/a><\/p>\n<p><img data-recalc-dims=\"1\" loading=\"lazy\" decoding=\"async\" class=\"alignnone size-medium wp-image-134155\" src=\"https:\/\/www.europesays.com\/fr\/wp-content\/uploads\/2025\/08\/Brasserie-de-la-Dent-de-Crolles.jpg\" alt=\"\" width=\"800\" height=\"533\"  \/><\/p>\n<p>Et pour finir en beaut\u00e9, derni\u00e8re halte \u00e0 la <strong>Brasserie artisanale de la Dent de Crolles<\/strong>. Terrasse au soleil, bi\u00e8re locale bien fra\u00eeche, on trinque \u00e0 ce week-end parfait avant de reprendre le car puis le train en direction de la gare Part-Dieu.<\/p>\n<p>\ud83d\udc49 <a href=\"https:\/\/partir-ici.fr\/offres\/brasserie-de-la-dent-de-crolles\/?utm_source=regie&amp;utm_medium=link&amp;utm_campaign=notoriete-r\u00e9gional-belledonne-lcc\" target=\"_blank\" rel=\"noopener nofollow\">Plus d\u2019infos sur la Brasserie de la Dent de Crolles<\/a><\/p>\n<p>Bonus activit\u00e9s : les sensations fortes<br \/>\nDans les airs<\/p>\n<p><img data-recalc-dims=\"1\" loading=\"lazy\" decoding=\"async\" class=\"alignnone wp-image-134157 \" src=\"https:\/\/www.europesays.com\/fr\/wp-content\/uploads\/2025\/08\/Stages-de-parapente-e1752140956159.jpg\" alt=\"\" width=\"798\" height=\"452\"  \/><\/p>\n<p>C\u2019est ici que se tient la mythique Coupe Icare, haut lieu du parapente. Et si, comme nous, vous r\u00eaviez un jour de voler, c\u2019est l\u2019occasion ou jamais de tester un bapt\u00eame (ou carr\u00e9ment un stage). Suspendus dans les airs, on se sent l\u00e9ger comme une plume. Juste\u2026 waouh.<\/p>\n<p>\ud83d\udc49 <a href=\"https:\/\/partir-ici.fr\/offres\/stages-de-parapente\/?utm_source=regie&amp;utm_medium=link&amp;utm_campaign=notoriete-r\u00e9gional-belledonne-lcc\" target=\"_blank\" rel=\"noopener nofollow\">Plus d\u2019infos sur les stages de parapente<\/a><\/p>\n<p>Sous terre<\/p>\n<p><img data-recalc-dims=\"1\" loading=\"lazy\" decoding=\"async\" class=\"alignnone size-medium wp-image-134156\" src=\"https:\/\/www.europesays.com\/fr\/wp-content\/uploads\/2025\/08\/Speleologie-Dent-de-Crolles.jpg\" alt=\"\" width=\"800\" height=\"450\"  \/><\/p>\n<p>Moins connu, mais tout aussi bluffant : la sp\u00e9l\u00e9o dans la Dent de Crolles. On n\u2019a pas encore test\u00e9, mais l\u2019id\u00e9e d\u2019explorer les entrailles de la montagne, guid\u00e9 par une lampe frontale, \u00e7a fait clairement envie. \u00c0 mettre sur la liste pour une prochaine fois !<\/p>\n<p>\ud83d\udc49 <a href=\"https:\/\/partir-ici.fr\/offres\/speleologie-dent-de-crolles\/?utm_source=regie&amp;utm_medium=link&amp;utm_campaign=notoriete-r\u00e9gional-belledonne-lcc\" target=\"_blank\" rel=\"noopener nofollow\">Plus d\u2019infos sur l\u2019activit\u00e9 sp\u00e9l\u00e9ologie<\/a><\/p>\n<p>O\u00f9 dormir ?<\/p>\n<p><img data-recalc-dims=\"1\" loading=\"lazy\" decoding=\"async\" class=\"alignnone size-medium wp-image-134159\" src=\"https:\/\/www.europesays.com\/fr\/wp-content\/uploads\/2025\/08\/Chalets-duo-ecologiques-Levasion-au-naturel.jpg\" alt=\"\" width=\"800\" height=\"600\"  \/><\/p>\n<p>Posez vos sacs dans un<strong> chalet \u00e9colo du Centre \u00e9cotouristique du Plateau<\/strong>. Ambiance cabane chic, nich\u00e9e au calme, avec vue depuis la terrasse sur pilotis. Aucun bruit, si ce n\u2019est celui du vent dans les arbres. Le combo parfait pour recharger les batteries et couper.<\/p>\n<p>\ud83d\udc49 <a href=\"https:\/\/partir-ici.fr\/offres\/chalets-duo-ecologiques-levasion-au-naturel\/?utm_source=regie&amp;utm_medium=link&amp;utm_campaign=notoriete-r\u00e9gional-belledonne-lcc\" target=\"_blank\" rel=\"noopener nofollow\">Plus d\u2019infos sur les chalets duo \u00e9cologiques<\/a><\/p>\n<p>Un week-end \u00e0 la montagne sans voiture, sans stress et avec un max de paysages waouh, de bonnes bouffes et de sensations fortes. <strong>Le Plateau des Petites Roches coche toutes les cases pour une pause nature express<\/strong>\u2026 qu\u2019on a d\u00e9j\u00e0 envie de refaire.<\/p>\n<p>L\u2019\u00e9t\u00e9 vous donne des envies d\u2019aventure et commence \u00e0 titiller vos mollets ? Pas besoin de se taper trois heures de voiture ou de s\u2019\u00e9quiper comme pour un GR20. La Plaine de l\u2019Ain, ce grand terrain de jeu nature au nord-est de Lyon, offre de magnifiques randonn\u00e9es\u2026 \u00e0 moins d\u2019une heure de train !<\/p>\n<p data-start=\"642\" data-end=\"948\">Entre for\u00eats ombrag\u00e9es, villages perch\u00e9s, lacs mystiques et vues waouh sur les monts du Bugey, on vous a s\u00e9lectionn\u00e9 <strong data-start=\"756\" data-end=\"788\">3 randonn\u00e9es faciles d\u2019acc\u00e8s<\/strong>, qui d\u00e9marrent toutes directement depuis une gare TER. Id\u00e9al pour partir \u00e0 l\u2019arrache un dimanche matin ou improviser une vir\u00e9e nature sans prendre la voiture.<\/p>\n<p data-start=\"950\" data-end=\"1032\">Allez hop, sac \u00e0 dos, gourde pleine et bonnes chaussures aux pieds : c\u2019est parti !<\/p>\n<p>Article en partenariat avec Partir-ici.fr, le guide pour mieux voyager en Auvergne-Rh\u00f4ne-Alpes<br \/>\n<img loading=\"lazy\" decoding=\"async\" class=\"alignnone size-medium wp-image-86194\" src=\"https:\/\/www.europesays.com\/fr\/wp-content\/uploads\/2025\/08\/aiguille-vercors-iStock-Mlenny.jpg\"   alt=\"\" width=\"800\" height=\"400\" data-recalc-dims=\"1\"\/><\/p>\n<p>Imagin\u00e9 par Auvergne-Rh\u00f4ne-Alpes Tourisme, Partir-ici.fr propose une foultitude d\u2019id\u00e9es pour trouver des <b>activit\u00e9s et h\u00e9bergements <\/b><b>pr\u00e8s de chez<\/b>\u00a0<b>soi<\/b> dans le respect du vivant et des territoires. Anim\u00e9 par une <b>communaut\u00e9 de passionn\u00e9s,<\/b> Partir-ici.fr regorge de lieux, d\u2019exp\u00e9riences et de personnes \u00e0 d\u00e9couvrir pour se convaincre (s\u2019il le fallait encore) qu\u2019on vit dans la plus belle r\u00e9gion de France !<\/p>\n<p style=\"text-align: center;\"><strong><a href=\"https:\/\/partir-ici.fr\/?utm_source=regie&amp;utm_medium=link&amp;utm_campaign=notoriete-r\u00e9gional-belledonne-lcc\" target=\"_blank\" rel=\"noopener nofollow\">www.partir-ici.fr<\/a><\/strong><\/p>\n","protected":false},"excerpt":{"rendered":"Besoin de prendre de la hauteur ? On a mis le cap sur le Plateau des Petites Roches,&hellip;\n","protected":false},"author":2,"featured_media":350250,"comment_status":"","ping_status":"","sticky":false,"template":"","format":"standard","meta":{"footnotes":""},"categories":[1889],"tags":[1111,11,2430,1777,674,1011,27,2428,12,25],"class_list":{"0":"post-350249","1":"post","2":"type-post","3":"status-publish","4":"format-standard","5":"has-post-thumbnail","7":"category-lyon","8":"tag-actu","9":"tag-actualites","10":"tag-auvergne-rhone-alpes","11":"tag-eu","12":"tag-europe","13":"tag-fr","14":"tag-france","15":"tag-lyon","16":"tag-news","17":"tag-republique-francaise"},"share_on_mastodon":{"url":"https:\/\/pubeurope.com\/@fr\/115107217521519478","error":""},"_links":{"self":[{"href":"https:\/\/www.europesays.com\/fr\/wp-json\/wp\/v2\/posts\/350249","targetHints":{"allow":["GET"]}}],"collection":[{"href":"https:\/\/www.europesays.com\/fr\/wp-json\/wp\/v2\/posts"}],"about":[{"href":"https:\/\/www.europesays.com\/fr\/wp-json\/wp\/v2\/types\/post"}],"author":[{"embeddable":true,"href":"https:\/\/www.europesays.com\/fr\/wp-json\/wp\/v2\/users\/2"}],"replies":[{"embeddable":true,"href":"https:\/\/www.europesays.com\/fr\/wp-json\/wp\/v2\/comments?post=350249"}],"version-history":[{"count":0,"href":"https:\/\/www.europesays.com\/fr\/wp-json\/wp\/v2\/posts\/350249\/revisions"}],"wp:featuredmedia":[{"embeddable":true,"href":"https:\/\/www.europesays.com\/fr\/wp-json\/wp\/v2\/media\/350250"}],"wp:attachment":[{"href":"https:\/\/www.europesays.com\/fr\/wp-json\/wp\/v2\/media?parent=350249"}],"wp:term":[{"taxonomy":"category","embeddable":true,"href":"https:\/\/www.europesays.com\/fr\/wp-json\/wp\/v2\/categories?post=350249"},{"taxonomy":"post_tag","embeddable":true,"href":"https:\/\/www.europesays.com\/fr\/wp-json\/wp\/v2\/tags?post=350249"}],"curies":[{"name":"wp","href":"https:\/\/api.w.org\/{rel}","templated":true}]}}