{"id":35025,"date":"2025-04-18T22:25:35","date_gmt":"2025-04-18T22:25:35","guid":{"rendered":"https:\/\/www.europesays.com\/fr\/35025\/"},"modified":"2025-04-18T22:25:35","modified_gmt":"2025-04-18T22:25:35","slug":"blain-200-pretres-et-diacres-du-diocese-de-nantes-reunis","status":"publish","type":"post","link":"https:\/\/www.europesays.com\/fr\/35025\/","title":{"rendered":"Blain. 200\u00a0pr\u00eatres et diacres du dioc\u00e8se de Nantes r\u00e9unis"},"content":{"rendered":"<p>Blain. L\u2019\u00e9glise Saint-Laurent \u00e9tait bien petite mardi 15\u00a0avril malgr\u00e9 ses 800\u00a0places. La messe chrismale qui se tenait \u00e0 Blain a vu 200\u00a0pr\u00eatres et diacres du dioc\u00e8se de Nantes renouvel\u00e9 leurs promesses sacerdotales. Avant la messe chrismale, les 200\u00a0pr\u00eatres et diacres du dioc\u00e8se de Nantes, sont all\u00e9s d\u00e9couvrir le territoire de la paroisse Notre Dame de la Paix sur Isac. Apr\u00e8s un d\u00e9jeuner \u00e0 Fay-de-Bretagne, ils sont all\u00e9s visiter le site de la Reddition \u00e0 Bouvron, le sentier du ch\u00eane de la Messe au G\u00e2vre, et le ch\u00e2teau de la Groulaie avec pour guide Jacky Flippot, adjoint \u00e0 la culture. \u00c9douard Roblot, le cur\u00e9 de Blain en fin de journ\u00e9e, a remerci\u00e9 tous les b\u00e9n\u00e9voles \u00ab\u00a0qui se sont mobilis\u00e9s pour l\u2019accueil, la restauration, l\u2019animation de cette c\u00e9l\u00e9bration.\u00a0\u00bb Il terminait par l\u2019annonce du remplacement de Fran\u00e7ois Renaud, vicaire g\u00e9n\u00e9ral du dioc\u00e8se. \u00ab\u00a0Il sera remplac\u00e9 par Lo\u00efc Le Huen \u00e0 compter du 1er\u00a0septembre 2025.\u00a0\u00bb<\/p>\n<p>\u00a0<\/p>\n","protected":false},"excerpt":{"rendered":"Blain. L\u2019\u00e9glise Saint-Laurent \u00e9tait bien petite mardi 15\u00a0avril malgr\u00e9 ses 800\u00a0places. La messe chrismale qui se tenait \u00e0&hellip;\n","protected":false},"author":2,"featured_media":35026,"comment_status":"","ping_status":"","sticky":false,"template":"","format":"standard","meta":{"footnotes":""},"categories":[2818],"tags":[10546,1111,11,11382,11384,11385,1777,674,1011,27,766,12,2636,11383,25,11386,3272],"class_list":{"0":"post-35025","1":"post","2":"type-post","3":"status-publish","4":"format-standard","5":"has-post-thumbnail","7":"category-nantes","8":"tag-10546","9":"tag-actu","10":"tag-actualites","11":"tag-blain","12":"tag-diacres","13":"tag-diocese","14":"tag-eu","15":"tag-europe","16":"tag-fr","17":"tag-france","18":"tag-nantes","19":"tag-news","20":"tag-pays-de-la-loire","21":"tag-pretres","22":"tag-republique-francaise","23":"tag-reunis","24":"tag-saint-nazaire"},"share_on_mastodon":{"url":"https:\/\/pubeurope.com\/@fr\/114361317650678972","error":""},"_links":{"self":[{"href":"https:\/\/www.europesays.com\/fr\/wp-json\/wp\/v2\/posts\/35025","targetHints":{"allow":["GET"]}}],"collection":[{"href":"https:\/\/www.europesays.com\/fr\/wp-json\/wp\/v2\/posts"}],"about":[{"href":"https:\/\/www.europesays.com\/fr\/wp-json\/wp\/v2\/types\/post"}],"author":[{"embeddable":true,"href":"https:\/\/www.europesays.com\/fr\/wp-json\/wp\/v2\/users\/2"}],"replies":[{"embeddable":true,"href":"https:\/\/www.europesays.com\/fr\/wp-json\/wp\/v2\/comments?post=35025"}],"version-history":[{"count":0,"href":"https:\/\/www.europesays.com\/fr\/wp-json\/wp\/v2\/posts\/35025\/revisions"}],"wp:featuredmedia":[{"embeddable":true,"href":"https:\/\/www.europesays.com\/fr\/wp-json\/wp\/v2\/media\/35026"}],"wp:attachment":[{"href":"https:\/\/www.europesays.com\/fr\/wp-json\/wp\/v2\/media?parent=35025"}],"wp:term":[{"taxonomy":"category","embeddable":true,"href":"https:\/\/www.europesays.com\/fr\/wp-json\/wp\/v2\/categories?post=35025"},{"taxonomy":"post_tag","embeddable":true,"href":"https:\/\/www.europesays.com\/fr\/wp-json\/wp\/v2\/tags?post=35025"}],"curies":[{"name":"wp","href":"https:\/\/api.w.org\/{rel}","templated":true}]}}