{"id":350263,"date":"2025-08-28T16:07:10","date_gmt":"2025-08-28T16:07:10","guid":{"rendered":"https:\/\/www.europesays.com\/fr\/350263\/"},"modified":"2025-08-28T16:07:10","modified_gmt":"2025-08-28T16:07:10","slug":"lue-annonce-de-nouvelles-sanctions-contre-la-russie-apres-les-attaques-nocturnes-qui-ont-fait-au-moins-19-morts-a-kiev","status":"publish","type":"post","link":"https:\/\/www.europesays.com\/fr\/350263\/","title":{"rendered":"l\u2019UE annonce de nouvelles sanctions contre la Russie, apr\u00e8s les attaques nocturnes qui ont fait au moins 19\u00a0morts \u00e0 Kiev"},"content":{"rendered":"\n<p class=\"post__live-container--answer-text post__space-node\">Irina, 46 ans, habitante du quartier Darnytsky, est venue soutenir son ami dont l\u2019appartement a \u00e9t\u00e9 d\u00e9truit dans l\u2019attaque russe sur Kiev. \u00ab\u00a0Vers 3 h 30, un missile a frapp\u00e9 la maison voisine, o\u00f9 se trouvaient mes amis. Mon compagnon est sorti, il a \u00e9t\u00e9 l\u00e9g\u00e8rement bless\u00e9. Mais autour de nous, la situation est bien pire\u00a0: des habitants sont toujours sous les d\u00e9combres, il y a des morts. Et parmi eux, malheureusement, des enfants. Il y a un an, mon mari est tomb\u00e9 \u00e0 la guerre. Aujourd\u2019hui, c\u2019est mon fr\u00e8re qui combat \u00e0 son tour. Quand mon mari a disparu, j\u2019ai pass\u00e9 six mois en R\u00e9publique tch\u00e8que. Puis je suis revenue en Ukraine, parce que c\u2019est mon pays, celui que j\u2019aime profond\u00e9ment. Je me demande encore pourquoi les Russes sont venus nous envahir alors que nous menions une vie normale. La m\u00eame question me hante chaque jour\u00a0: Pourquoi\u00a0?\u00a0\u00bb<\/p>\n","protected":false},"excerpt":{"rendered":"Irina, 46 ans, habitante du quartier Darnytsky, est venue soutenir son ami dont l\u2019appartement a \u00e9t\u00e9 d\u00e9truit dans&hellip;\n","protected":false},"author":2,"featured_media":350264,"comment_status":"","ping_status":"","sticky":false,"template":"","format":"standard","meta":{"footnotes":""},"categories":[1591],"tags":[11,1887,12,1885,1886,132],"class_list":{"0":"post-350263","1":"post","2":"type-post","3":"status-publish","4":"format-standard","5":"has-post-thumbnail","7":"category-russie","8":"tag-actualites","9":"tag-federation-de-russie","10":"tag-news","11":"tag-russia","12":"tag-russian-federation","13":"tag-russie"},"share_on_mastodon":{"url":"https:\/\/pubeurope.com\/@fr\/115107256283564283","error":""},"_links":{"self":[{"href":"https:\/\/www.europesays.com\/fr\/wp-json\/wp\/v2\/posts\/350263","targetHints":{"allow":["GET"]}}],"collection":[{"href":"https:\/\/www.europesays.com\/fr\/wp-json\/wp\/v2\/posts"}],"about":[{"href":"https:\/\/www.europesays.com\/fr\/wp-json\/wp\/v2\/types\/post"}],"author":[{"embeddable":true,"href":"https:\/\/www.europesays.com\/fr\/wp-json\/wp\/v2\/users\/2"}],"replies":[{"embeddable":true,"href":"https:\/\/www.europesays.com\/fr\/wp-json\/wp\/v2\/comments?post=350263"}],"version-history":[{"count":0,"href":"https:\/\/www.europesays.com\/fr\/wp-json\/wp\/v2\/posts\/350263\/revisions"}],"wp:featuredmedia":[{"embeddable":true,"href":"https:\/\/www.europesays.com\/fr\/wp-json\/wp\/v2\/media\/350264"}],"wp:attachment":[{"href":"https:\/\/www.europesays.com\/fr\/wp-json\/wp\/v2\/media?parent=350263"}],"wp:term":[{"taxonomy":"category","embeddable":true,"href":"https:\/\/www.europesays.com\/fr\/wp-json\/wp\/v2\/categories?post=350263"},{"taxonomy":"post_tag","embeddable":true,"href":"https:\/\/www.europesays.com\/fr\/wp-json\/wp\/v2\/tags?post=350263"}],"curies":[{"name":"wp","href":"https:\/\/api.w.org\/{rel}","templated":true}]}}