{"id":350267,"date":"2025-08-28T16:09:14","date_gmt":"2025-08-28T16:09:14","guid":{"rendered":"https:\/\/www.europesays.com\/fr\/350267\/"},"modified":"2025-08-28T16:09:14","modified_gmt":"2025-08-28T16:09:14","slug":"le-congres-americain-exige-des-explications-de-wikipedia","status":"publish","type":"post","link":"https:\/\/www.europesays.com\/fr\/350267\/","title":{"rendered":"Le Congr\u00e8s am\u00e9ricain exige des explications de\u00a0Wikip\u00e9dia"},"content":{"rendered":"<p>Le Comit\u00e9 de surveillance et de r\u00e9forme gouvernementale du Congr\u00e8s des \u00c9tats-Unis, qui fait office de commission d&rsquo;enqu\u00eate permanente de la chambre des repr\u00e9sentants, a envoy\u00e9 un courrier le 27\u00a0ao\u00fbt \u00e0 Maryana Iskander, pr\u00e9sidente de la fondation Wikim\u00e9dia, maison m\u00e8re de la c\u00e9l\u00e8bre encyclop\u00e9die en ligne.<\/p>\n<p>Selon le courrier, les investigations ne visent pas \u00e0 d\u00e9terminer si \u00ab\u00a0l&rsquo;information sur Wikip\u00e9dia a \u00e9t\u00e9 manipul\u00e9e \u00e0 des fins de propagande visant les audiences occidentales\u00a0\u00bb, que ce soit par des groupes organis\u00e9s ou des individus. \u00ab\u00a0De multiples \u00e9tudes et rapports\u00a0\u00bb attestent d\u00e9j\u00e0 que tel est le cas, \u00e9crivent le pr\u00e9sident\u00a0du Comit\u00e9, James Comer, et la vice-pr\u00e9sidente en charge des technologies de l&rsquo;information, Nancy Mace (tous les deux R\u00e9publicains). Ils citent en exemple des attaques&#8230;<\/p>\n<p>Toute l\u2019actualit\u00e9 \u00e0 1\u20ac le premier mois<\/p>\n<p><a href=\"https:\/\/abo.lepoint.fr\/?provenance=21EDI020098\" class=\"btn\" title=\"S&#039;abonner\" data-gtm=\"click:abo|display:abo\" data-campaign=\"paywall_maison\" rel=\"nofollow noopener\" target=\"_blank\">S&rsquo;abonner<\/a><\/p>\n<p>ou<\/p>\n","protected":false},"excerpt":{"rendered":"Le Comit\u00e9 de surveillance et de r\u00e9forme gouvernementale du Congr\u00e8s des \u00c9tats-Unis, qui fait office de commission d&rsquo;enqu\u00eate&hellip;\n","protected":false},"author":2,"featured_media":350268,"comment_status":"","ping_status":"","sticky":false,"template":"","format":"standard","meta":{"footnotes":""},"categories":[1589],"tags":[11,73,1866,14,12,1864,1865,1863,308],"class_list":{"0":"post-350267","1":"post","2":"type-post","3":"status-publish","4":"format-standard","5":"has-post-thumbnail","7":"category-etats-unis","8":"tag-actualites","9":"tag-etats-unis","10":"tag-etats-unis-damerique","11":"tag-international","12":"tag-news","13":"tag-united-states","14":"tag-united-states-of-america","15":"tag-us","16":"tag-usa"},"share_on_mastodon":{"url":"https:\/\/pubeurope.com\/@fr\/115107264200501488","error":""},"_links":{"self":[{"href":"https:\/\/www.europesays.com\/fr\/wp-json\/wp\/v2\/posts\/350267","targetHints":{"allow":["GET"]}}],"collection":[{"href":"https:\/\/www.europesays.com\/fr\/wp-json\/wp\/v2\/posts"}],"about":[{"href":"https:\/\/www.europesays.com\/fr\/wp-json\/wp\/v2\/types\/post"}],"author":[{"embeddable":true,"href":"https:\/\/www.europesays.com\/fr\/wp-json\/wp\/v2\/users\/2"}],"replies":[{"embeddable":true,"href":"https:\/\/www.europesays.com\/fr\/wp-json\/wp\/v2\/comments?post=350267"}],"version-history":[{"count":0,"href":"https:\/\/www.europesays.com\/fr\/wp-json\/wp\/v2\/posts\/350267\/revisions"}],"wp:featuredmedia":[{"embeddable":true,"href":"https:\/\/www.europesays.com\/fr\/wp-json\/wp\/v2\/media\/350268"}],"wp:attachment":[{"href":"https:\/\/www.europesays.com\/fr\/wp-json\/wp\/v2\/media?parent=350267"}],"wp:term":[{"taxonomy":"category","embeddable":true,"href":"https:\/\/www.europesays.com\/fr\/wp-json\/wp\/v2\/categories?post=350267"},{"taxonomy":"post_tag","embeddable":true,"href":"https:\/\/www.europesays.com\/fr\/wp-json\/wp\/v2\/tags?post=350267"}],"curies":[{"name":"wp","href":"https:\/\/api.w.org\/{rel}","templated":true}]}}