{"id":350271,"date":"2025-08-28T16:11:32","date_gmt":"2025-08-28T16:11:32","guid":{"rendered":"https:\/\/www.europesays.com\/fr\/350271\/"},"modified":"2025-08-28T16:11:32","modified_gmt":"2025-08-28T16:11:32","slug":"sanctions-internationales-la-france-le-royaume-uni-et-lallemagne-agissent-contre-liran","status":"publish","type":"post","link":"https:\/\/www.europesays.com\/fr\/350271\/","title":{"rendered":"Sanctions internationales: La France, le Royaume-Uni et l&rsquo;Allemagne agissent contre l&rsquo;Iran"},"content":{"rendered":"<p>Publi\u00e928. ao\u00fbt 2025, 17:11<\/p>\n<p>Nucl\u00e9aire: Iran: les Europ\u00e9ens lancent le r\u00e9tablissement des sanctions<\/p>\n<p>La France, le Royaume-Uni et l\u2019Allemagne ont entam\u00e9 \u00e0 l\u2019ONU la proc\u00e9dure de r\u00e9tablissement des sanctions internationales.<\/p>\n<p><img loading=\"lazy\" decoding=\"async\" src=\"https:\/\/www.europesays.com\/fr\/wp-content\/uploads\/2025\/08\/db5186f4-2185-4d50-9ca2-7149af813a63.jpg\" alt=\"Mnistre iranien des Affaires \u00e9trang\u00e8res, Abbas Araghchi a d\u00e9clar\u00e9 que l\u2019Iran r\u00e9pondrait de mani\u00e8re appropri\u00e9e \u00e0 cette action \u00abill\u00e9gale et injustifi\u00e9e\u00bb.\" title=\"Mnistre iranien des Affaires \u00e9trang\u00e8res, Abbas Araghchi a d\u00e9clar\u00e9 que l\u2019Iran r\u00e9pondrait de mani\u00e8re appropri\u00e9e \u00e0 cette action \u00abill\u00e9gale et injustifi\u00e9e\u00bb.\"  width=\"1188\" height=\"815\"\/><\/p>\n<p>Mnistre iranien des Affaires \u00e9trang\u00e8res, Abbas Araghchi a d\u00e9clar\u00e9 que l\u2019Iran r\u00e9pondrait de mani\u00e8re appropri\u00e9e \u00e0 cette action \u00abill\u00e9gale et injustifi\u00e9e\u00bb.<\/p>\n<p>AFP<\/p>\n<p>Face \u00e0 l\u2019impasse des n\u00e9gociations sur le nucl\u00e9aire iranien, la France, le Royaume-Uni et l\u2019Allemagne ont mis jeudi leur menace \u00e0 ex\u00e9cution en entamant \u00e0 l\u2019ONU la proc\u00e9dure de r\u00e9tablissement des sanctions internationales contre T\u00e9h\u00e9ran dans 30 jours.<\/p>\n<p>Les trois pays, surnomm\u00e9s E3, \u00absouhaitent notifier le Conseil de s\u00e9curit\u00e9 que, sur la base de preuves factuelles, le E3 estime que l\u2019Iran est en position de non respect important de ses engagements\u00bb en vertu de l\u2019accord sur le nucl\u00e9aire de 2015, le JCPOA, et \u00abinvoquent ainsi le m\u00e9canisme connu sous le nom du snapback\u00bb, qui ouvre un processus de 30 jours permettant de r\u00e9imposer toute une s\u00e9rie de sanctions suspendues il y a dix ans, indique la lettre.<\/p>\n<p>\u00abLe ministre iranien des Affaires \u00e9trang\u00e8res, Abbas Araghchi a d\u00e9clar\u00e9 que l\u2019Iran r\u00e9pondrait de mani\u00e8re appropri\u00e9e \u00e0 cette action ill\u00e9gale et injustifi\u00e9e\u00bb, a indiqu\u00e9 un communiqu\u00e9 de son minist\u00e8re, publi\u00e9 \u00e0 l\u2019issue d\u2019un appel t\u00e9l\u00e9phonique entre M. Araghchi et ses homologues fran\u00e7ais, allemand, et britannique.<\/p>\n<p>Sign\u00e9 par le E3, l\u2019Iran, les \u00c9tats-Unis, la Chine et la Russie, le JCPOA suspend diverses sanctions \u00e9conomiques internationales prises par l\u2019ONU contre l\u2019Iran.<\/p>\n<p>Le gouvernement iranien, qui avait lanc\u00e9 un programme nucl\u00e9aire secret, est accus\u00e9 de vouloir se doter de l\u2019arme atomique, ce qu\u2019il r\u00e9fute. L\u2019accord avait \u00e9t\u00e9 d\u00e9nonc\u00e9 en 2018 par les \u00c9tats-Unis qui ont r\u00e9tabli leur propre volet de sanctions.<\/p>\n<p>Diplomatie au point mort<\/p>\n<p>Le E3 mena\u00e7ait de r\u00e9tablir les sanctions avant l\u2019expiration du m\u00e9canisme du \u00absnapnack\u00bb le 18 octobre faute de solution n\u00e9goci\u00e9e.<\/p>\n<p>Ils esp\u00e8rent pousser l\u2019Iran \u00e0 des concessions alors que la diplomatie est au point mort quelques semaines apr\u00e8s la campagne de bombardements isra\u00e9liens et am\u00e9ricains contre des sites du programme iranien: les n\u00e9gociations \u00c9tats-Unis-Iran sont ensabl\u00e9es, la coop\u00e9ration de T\u00e9h\u00e9ran avec l\u2019Agence internationale de l\u2019\u00e9nergie atomique (AIEA) est restreinte, et les discussions entre T\u00e9h\u00e9ran et les Europ\u00e9ens n\u2019ont pas abouti.<\/p>\n<p>\u00abEn juillet 2025, les E3 ont mis sur la table une offre d\u2019extension de la r\u00e9solution\u00bb 2231 de l\u2019ONU r\u00e9gissant le JCPOA \u00abet de son m\u00e9canisme de +snapback+. Les exigences fix\u00e9es par les E3 en contrepartie de cette extension, \u00e0 savoir notamment la reprise des n\u00e9gociations, le respect par l\u2019Iran de ses obligations \u00e0 l\u2019\u00e9gard de l\u2019AIEA, et des mesures pour r\u00e9pondre \u00e0 nos pr\u00e9occupations concernant le stock d\u2019uranium hautement enrichi, n\u2019ont pas encore \u00e9t\u00e9 remplies de mani\u00e8re satisfaisante par l\u2019Iran\u00bb, \u00e9crivent les trois ministres des Affaires \u00e9trang\u00e8res dans une d\u00e9claration conjointe s\u00e9par\u00e9e.<\/p>\n<p>\u00abSortir de l\u2019impasse\u00bb<\/p>\n<p>Le non-respect par l\u2019Iran du JCPOA \u00abest manifeste et d\u00e9lib\u00e9r\u00e9, et des sites pr\u00e9sentant un risque majeur de prolif\u00e9ration en Iran sont en dehors de la surveillance de l\u2019AIEA\u00bb disent-ils, affirmant que les Europ\u00e9ens ont fait \u00abtous les efforts possibles pour sortir de l\u2019impasse\u00bb depuis plusieurs ann\u00e9es.<\/p>\n<p>\u00abL\u2019escalade nucl\u00e9aire de l\u2019Iran ne doit pas aller plus loin\u00bb, a justifi\u00e9 jeudi le chef de la diplomatie fran\u00e7aise sur X.<\/p>\n<p>Toutefois, \u00abcette mesure ne signe pas la fin de la diplomatie: nous sommes d\u00e9termin\u00e9s \u00e0 mettre \u00e0 profit la p\u00e9riode de 30 jours qui s\u2019ouvre pour dialoguer avec l\u2019Iran\u00bb, affirme Jean-No\u00ebl Barrot.<\/p>\n<p>\u00abNous avons dit aux Iraniens que leur int\u00e9r\u00eat n\u2019est pas de jouer l\u2019escalade mais d\u2019utiliser ces 30 jours pour faire des efforts\u00bb, a expliqu\u00e9 une source diplomatique fran\u00e7aise. \u00abJe pense qu\u2019ils vont \u00eatre tent\u00e9s de jouer l\u2019escalade, du moins en partie\u00bb, pr\u00e9vient-elle.<\/p>\n<p>\u00abLe risque d\u2019escalade existe, mais si on ne faisait rien, le dossier du nucl\u00e9aire iranien sortait de l\u2019ONU pour toujours\u00bb, la r\u00e9solution 2231 du Conseil de s\u00e9curit\u00e9 expirant le 18 octobre, explique-t-elle.<\/p>\n<p>\u00abNous attendons d\u00e9sormais de l\u2019Iran\u00bb: une \u00abcoop\u00e9ration totale avec l\u2019AIEA\u00bb, un \u00abengagement clair en faveur de n\u00e9gociations avec les Etats-Unis\u00bb, et des certitudes sur le sort du stock d\u2019uranium iranien, a expliqu\u00e9 sur X le ministre allemand Johann Wadephul.<\/p>\n<p>Le sort des stocks de 400 kilos d\u2019uranium \u00e0 60%, permettant de fabriquer 9 bombes, demeure inconnu depuis qu\u2019ils ont \u00e9t\u00e9 vis\u00e9s par les bombardements isra\u00e9liens et am\u00e9ricains de juin.<\/p>\n<p>\u00abLes Iraniens s\u2019arc-boutent \u00e0 leur position maximaliste qui est de n\u2019autoriser aucune nouvelle coop\u00e9ration avec l\u2019AIEA. Est-ce qu\u2019il peut y avoir des n\u00e9gociations dans les 30 jours ? C\u2019est l\u2019objectif de tout le monde, mais il faut que les Iraniens abandonnent cette position maximaliste\u00bb, analyse pour l\u2019AFP H\u00e9lo\u00efse Fayet, chercheuse sur les questions nucl\u00e9aires \u00e0 l\u2019Institut fran\u00e7ais des relations internationales (Ifri).<\/p>\n<p>(afp)<\/p>\n","protected":false},"excerpt":{"rendered":"Publi\u00e928. ao\u00fbt 2025, 17:11 Nucl\u00e9aire: Iran: les Europ\u00e9ens lancent le r\u00e9tablissement des sanctions La France, le Royaume-Uni et&hellip;\n","protected":false},"author":2,"featured_media":350272,"comment_status":"","ping_status":"","sticky":false,"template":"","format":"standard","meta":{"footnotes":""},"categories":[1587],"tags":[11,672,1804,1805,1803,1777,674,1801,12,1802],"class_list":{"0":"post-350271","1":"post","2":"type-post","3":"status-publish","4":"format-standard","5":"has-post-thumbnail","7":"category-allemagne","8":"tag-actualites","9":"tag-allemagne","10":"tag-bundesrepublik-deutschland","11":"tag-de","12":"tag-deutschland","13":"tag-eu","14":"tag-europe","15":"tag-germany","16":"tag-news","17":"tag-republique-federale-dallemagne"},"share_on_mastodon":{"url":"https:\/\/pubeurope.com\/@fr\/115107272037953443","error":""},"_links":{"self":[{"href":"https:\/\/www.europesays.com\/fr\/wp-json\/wp\/v2\/posts\/350271","targetHints":{"allow":["GET"]}}],"collection":[{"href":"https:\/\/www.europesays.com\/fr\/wp-json\/wp\/v2\/posts"}],"about":[{"href":"https:\/\/www.europesays.com\/fr\/wp-json\/wp\/v2\/types\/post"}],"author":[{"embeddable":true,"href":"https:\/\/www.europesays.com\/fr\/wp-json\/wp\/v2\/users\/2"}],"replies":[{"embeddable":true,"href":"https:\/\/www.europesays.com\/fr\/wp-json\/wp\/v2\/comments?post=350271"}],"version-history":[{"count":0,"href":"https:\/\/www.europesays.com\/fr\/wp-json\/wp\/v2\/posts\/350271\/revisions"}],"wp:featuredmedia":[{"embeddable":true,"href":"https:\/\/www.europesays.com\/fr\/wp-json\/wp\/v2\/media\/350272"}],"wp:attachment":[{"href":"https:\/\/www.europesays.com\/fr\/wp-json\/wp\/v2\/media?parent=350271"}],"wp:term":[{"taxonomy":"category","embeddable":true,"href":"https:\/\/www.europesays.com\/fr\/wp-json\/wp\/v2\/categories?post=350271"},{"taxonomy":"post_tag","embeddable":true,"href":"https:\/\/www.europesays.com\/fr\/wp-json\/wp\/v2\/tags?post=350271"}],"curies":[{"name":"wp","href":"https:\/\/api.w.org\/{rel}","templated":true}]}}