{"id":350280,"date":"2025-08-28T16:22:34","date_gmt":"2025-08-28T16:22:34","guid":{"rendered":"https:\/\/www.europesays.com\/fr\/350280\/"},"modified":"2025-08-28T16:22:34","modified_gmt":"2025-08-28T16:22:34","slug":"entre-panorama-et-chance-deagle-tout-savoir-du-trou-signature-du-golf-de-crans-sur-sierre","status":"publish","type":"post","link":"https:\/\/www.europesays.com\/fr\/350280\/","title":{"rendered":"Entre panorama et chance d\u2019eagle : tout savoir du trou signature du Golf de Crans-sur-Sierre"},"content":{"rendered":"<p>\t\t\t\t\t\t<img width=\"770\" height=\"556\" src=\"https:\/\/www.europesays.com\/fr\/wp-content\/uploads\/2025\/08\/alex-fitzpatrick-eng-hole-7-copie-770x556.jpeg\" class=\"img-responsive wp-post-image\" alt=\"\" decoding=\"async\" fetchpriority=\"high\"  \/>\t\t\t\t\t<\/p>\n<p>\t\t\t\t\t\t Partager cet article <\/p>\n<p class=\"screen-reader-text juiz_sps_maybe_hidden_text\">Partager la publication \u00ab\u00a0Entre panorama et chance d\u2019eagle : tout savoir du trou signature du Golf de Crans-sur-Sierre\u00a0\u00bb<\/p>\n<p><strong>Le court par 4 du 7 du Golf de Crans-sur-Sierre est sans conteste le trou signature du trac\u00e9. Outre sa vue sensationnelle, il offre une belle opportunit\u00e9 d\u2019eagle.<\/strong><\/p>\n<p>\t\t\t\t\t<a id=\"183294\" href=\"https:\/\/golfplus.fr\/kit-1-2-serie-graphite-p4785.html\" target=\"_blank\" rel=\"sponsorised nofollow noopener\"><img decoding=\"async\" src=\"data:image\/svg+xml,%3Csvg%20xmlns=\" http:=\"\" class=\"img-responsive\" alt=\"\" data-lazy-src=\"https:\/\/www.europesays.com\/fr\/wp-content\/uploads\/2025\/08\/golfplus-e22-kits-greens-1170x275-1.jpg\"\/><\/a><\/p>\n<p><strong>Nathan CARDET, \u00e0 Crans-Montana<\/strong><\/p>\n<p>Les joueurs sont nombreux \u00e0 faire leur photo souvenir depuis le d\u00e9part ou le green du 7. On les comprend tant la vue est impressionnante depuis le d\u00e9part comme depuis le green de ce court par 4. Elle offre en effet un panorama complet sur les Alpes et la vall\u00e9e.<\/p>\n<p>\u00ab C\u2019est le plus beau trou du parcours, avec un panorama \u00e0 360\u00b0 au c\u0153ur des montagnes, valide <strong>Antoine Rozner<\/strong>. En plus, c\u2019est un par 4 un peu spectaculaire qu\u2019on peut prendre en 1. C\u2019est vraiment un trou unique. \u00bb<\/p>\n<p>\t\t\t\t\t<a id=\"182585\" href=\"https:\/\/www.golfcapdagde.com\/\" target=\"_blank\" rel=\"sponsorised nofollow noopener\"><img decoding=\"async\" src=\"data:image\/svg+xml,%3Csvg%20xmlns=\" http:=\"\" class=\"img-responsive\" alt=\"\" data-lazy-src=\"https:\/\/www.europesays.com\/fr\/wp-content\/uploads\/2025\/06\/capdagdegolf-e01-experience-golf-1170x275-1.gif\"\/><\/a><\/p>\n<blockquote class=\"instagram-media\" style=\"background: #FFF; border: 0; border-radius: 3px; box-shadow: 0 0 1px 0 rgba(0,0,0,0.5),0 1px 10px 0 rgba(0,0,0,0.15); margin: 1px; max-width: 540px; min-width: 326px; padding: 0; width: calc(100% - 2px);\" data-instgrm-captioned=\"\" data-instgrm-permalink=\"https:\/\/www.instagram.com\/reel\/DN5qajTjPIr\/?utm_source=ig_embed&amp;utm_campaign=loading\" data-instgrm-version=\"14\">\n<\/blockquote>\n<p>\t\t\t\t\t<a id=\"180479\" href=\"https:\/\/www.swing.fr\/voyage\/35-14eme-edition-des-doubles-gosset-by-beachcomber\" target=\"_blank\" rel=\"sponsorised nofollow noopener\"><img decoding=\"async\" src=\"data:image\/svg+xml,%3Csvg%20xmlns=\" http:=\"\" class=\"img-responsive\" alt=\"\" data-lazy-src=\"https:\/\/www.europesays.com\/fr\/wp-content\/uploads\/2025\/07\/beachcomber-e01-doubles-gosset-26-1170x275-1.jpg\"\/><\/a><br \/>\nUn sacr\u00e9 calcul<\/p>\n<p>En effet, le green est accessible depuis le d\u00e9part. Si la plaque affiche 303 m\u00e8tres jusqu\u2019au milieu du green, les joueurs jouent une distance inf\u00e9rieure en raison de plusieurs facteurs.<\/p>\n<p>\u00ab D\u2019abord, la distance est calcul\u00e9e en dogleg, c\u2019est \u00e0 dire avec un coup au milieu du fairway puis vers le green, explique <strong>Patxi Londaitz<\/strong>, caddie actuel de <strong>Julien Brun<\/strong>. En ligne directe du d\u00e9part au d\u00e9but du green, il y a v\u00e9ritablement 260 m\u00e8tres. \u00c0 cela, il faut enlever 8 m\u00e8tres de d\u00e9nivel\u00e9, donc on arrive \u00e0 252. Maintenant, on est \u00e0 1 450 m\u00e8tres d\u2019altitude, la balle vole plus donc en r\u00e9alit\u00e9 on a un coup de 230 m\u00e8tres \u00e0 l\u2019entr\u00e9e du green, plus ou moins 245 m\u00e8tres pour le milieu. \u00bb<\/p>\n<p>\t\t\t\t\t<a id=\"174987\" href=\"https:\/\/www.sudfrancegolf.com\/fr\/\" target=\"_blank\" rel=\"sponsorised nofollow noopener\"><img decoding=\"async\" src=\"data:image\/svg+xml,%3Csvg%20xmlns=\" http:=\"\" class=\"img-responsive\" alt=\"\" data-lazy-src=\"https:\/\/www.europesays.com\/fr\/wp-content\/uploads\/2025\/06\/giesudfrancegolf-e02-egolf-pass-2025-v2-1170x275-1.gif\"\/><\/a><br \/>\nRisque et r\u00e9compense<\/p>\n<p>Bien entendu, un court par 4 est bien construit si l\u2019attaque de green comporte un risque. C\u2019est le cas de ce trou num\u00e9ro 7 dont le parcours a \u00e9t\u00e9 redessin\u00e9 par <strong>Severiano Ballesteros<\/strong> \u00e0 la fin des ann\u00e9es 90. Sur la droite, une forte pente am\u00e8ne les balles vers la zone \u00e0 p\u00e9nalit\u00e9. <strong>Victor Perez<\/strong> avait notamment mis son coup du d\u00e9part out \u00e0 droite en 2023 avant de parfaitement r\u00e9agir avec une deuxi\u00e8me balle d\u00e9pos\u00e9e au drapeau pour un par d\u2019anthologie. Une zone de hors-limites accueille \u00e9galement les joueurs juste derri\u00e8re le green. Ce dernier est aussi prot\u00e9g\u00e9 par des bunkers sur la gauche.<\/p>\n<p>\t\t\t\t\t<a id=\"179394\" href=\"https:\/\/eu.ping.com\/fr-fr\/clubs\/irons\/i240\" target=\"_blank\" rel=\"sponsorised nofollow noopener\"><img decoding=\"async\" src=\"data:image\/svg+xml,%3Csvg%20xmlns=\" http:=\"\" class=\"img-responsive\" alt=\"\" data-lazy-src=\"https:\/\/www.europesays.com\/fr\/wp-content\/uploads\/2025\/07\/ping-e06-fers-i240-1170x275-1.jpg\"\/><\/a><\/p>\n<blockquote class=\"twitter-tweet\" data-media-max-width=\"560\">\n<p dir=\"ltr\" lang=\"en\">Is this the greatest up and down to save par ever?! \ud83e\udd2f<a href=\"https:\/\/twitter.com\/hashtag\/OEM2025?src=hash&amp;ref_src=twsrc%5Etfw\" rel=\"nofollow noopener\" target=\"_blank\">#OEM2025<\/a> | <a href=\"https:\/\/twitter.com\/hashtag\/TourArchive?src=hash&amp;ref_src=twsrc%5Etfw\" rel=\"nofollow noopener\" target=\"_blank\">#TourArchive<\/a> <a href=\"https:\/\/t.co\/XUdMTJodEi\" rel=\"nofollow\">pic.twitter.com\/XUdMTJodEi<\/a><\/p>\n<p>\u2014 DP World Tour (@DPWorldTour) <a href=\"https:\/\/twitter.com\/DPWorldTour\/status\/1960424508785090941?ref_src=twsrc%5Etfw\" rel=\"nofollow noopener\" target=\"_blank\">August 26, 2025<\/a><\/p>\n<\/blockquote>\n<p>\t\t\t\t\t<a id=\"180462\" href=\"https:\/\/www.makilas-golftour.com\/sejour\/makilas-agadir-2023-2-2\/\" target=\"_blank\" rel=\"sponsorised nofollow noopener\"><img decoding=\"async\" src=\"data:image\/svg+xml,%3Csvg%20xmlns=\" http:=\"\" class=\"img-responsive\" alt=\"\" data-lazy-src=\"https:\/\/www.europesays.com\/fr\/wp-content\/uploads\/2025\/07\/challengeorganisation-e01-rencontres-agadir-1170x275-1.jpeg\"\/><\/a><\/p>\n<p>\u00ab Si on arrive \u00e0 laisser la balle court du green, m\u00eame un peu \u00e0 droite, on a un chip assez \u00e9vident, poursuit celui qui a port\u00e9 le sac d\u2019Antoine Rozner par le pass\u00e9. Il y a un peu d\u2019espace \u00e0 droite, une grosse vingtaine de m\u00e8tres m\u00eame si \u00e7a descend fortement. Tr\u00e8s proche du green, le rough est assez \u00e9pais et vert, donc la balle tient. \u00c0 l\u2019inverse, le hors-limite arrive tr\u00e8s vite derri\u00e8re : 7 ou 8 m\u00e8tres trop long, c\u2019est dehors. \u00bb<\/p>\n<p>\t\t\t\t\t<a id=\"181972\" href=\"https:\/\/www.azurgolftravel.com\/proamdepalsoct25\" target=\"_blank\" rel=\"sponsorised nofollow noopener\"><img decoding=\"async\" src=\"data:image\/svg+xml,%3Csvg%20xmlns=\" http:=\"\" class=\"img-responsive\" alt=\"\" data-lazy-src=\"https:\/\/www.europesays.com\/fr\/wp-content\/uploads\/2025\/08\/azurgolftravel-e01-proam-catalogne-1170x275-1.jpeg\"\/><\/a><br \/>\nUne seule strat\u00e9gie possible<\/p>\n<p>Pour ces joueurs, c\u2019est un coup de bois de parcours ou d\u2019hybride. Antoine Rozner s\u2019\u00e9tait m\u00eame mis tout proche du drapeau en 2022 apr\u00e8s un fer 2 sensationnel. Alors forc\u00e9ment, attaquer le green est plus que tentant, c\u2019est m\u00eame obligatoire pour le caddie basque pour qui le lay-up est trop compliqu\u00e9.<\/p>\n<p>\u00ab Le fairway est trop en pente pour faire un lay-up \u00e0 gauche, d\u2019autant que le coup derri\u00e8re est compliqu\u00e9 car en pente et sur\u00e9lev\u00e9. Le jeu, c\u2019est qu\u2019il faut taper le green, il faut assumer. \u00bb<\/p>\n<p>\t\t\t\t\t<a id=\"181417\" href=\"https:\/\/cabotbordeaux.com\/fr\/booking\/training-golf\" target=\"_blank\" rel=\"sponsorised nofollow noopener\"><img decoding=\"async\" src=\"data:image\/svg+xml,%3Csvg%20xmlns=\" http:=\"\" class=\"img-responsive\" alt=\"\" data-lazy-src=\"https:\/\/www.europesays.com\/fr\/wp-content\/uploads\/2025\/08\/cabot-e04-stage-septembre-1170x275-1.gif\"\/><\/a><\/p>\n<blockquote class=\"instagram-media\" style=\"background: #FFF; border: 0; border-radius: 3px; box-shadow: 0 0 1px 0 rgba(0,0,0,0.5),0 1px 10px 0 rgba(0,0,0,0.15); margin: 1px; max-width: 540px; min-width: 326px; padding: 0; width: calc(100% - 2px);\" data-instgrm-captioned=\"\" data-instgrm-permalink=\"https:\/\/www.instagram.com\/reel\/ChzZEZXoltA\/?utm_source=ig_embed&amp;utm_campaign=loading\" data-instgrm-version=\"14\">\n<\/blockquote>\n<p>\u00a0<\/p>\n<p>\u00a0<\/p>\n<p>\u00a9Omega European Masters \u2013 Deprez Photos<\/p>\n<p>\t\t\t<script async src=\"https:\/\/platform.twitter.com\/widgets.js\" charset=\"utf-8\"><\/script><script async src=\"\/\/www.instagram.com\/embed.js\"><\/script><\/p>\n","protected":false},"excerpt":{"rendered":"Partager cet article Partager la publication \u00ab\u00a0Entre panorama et chance d\u2019eagle : tout savoir du trou signature du&hellip;\n","protected":false},"author":2,"featured_media":350281,"comment_status":"","ping_status":"","sticky":false,"template":"","format":"standard","meta":{"footnotes":""},"categories":[1418],"tags":[1011,27,1472,60],"class_list":{"0":"post-350280","1":"post","2":"type-post","3":"status-publish","4":"format-standard","5":"has-post-thumbnail","7":"category-golf","8":"tag-fr","9":"tag-france","10":"tag-golf","11":"tag-sports"},"share_on_mastodon":{"url":"https:\/\/pubeurope.com\/@fr\/115107315297042653","error":""},"_links":{"self":[{"href":"https:\/\/www.europesays.com\/fr\/wp-json\/wp\/v2\/posts\/350280","targetHints":{"allow":["GET"]}}],"collection":[{"href":"https:\/\/www.europesays.com\/fr\/wp-json\/wp\/v2\/posts"}],"about":[{"href":"https:\/\/www.europesays.com\/fr\/wp-json\/wp\/v2\/types\/post"}],"author":[{"embeddable":true,"href":"https:\/\/www.europesays.com\/fr\/wp-json\/wp\/v2\/users\/2"}],"replies":[{"embeddable":true,"href":"https:\/\/www.europesays.com\/fr\/wp-json\/wp\/v2\/comments?post=350280"}],"version-history":[{"count":0,"href":"https:\/\/www.europesays.com\/fr\/wp-json\/wp\/v2\/posts\/350280\/revisions"}],"wp:featuredmedia":[{"embeddable":true,"href":"https:\/\/www.europesays.com\/fr\/wp-json\/wp\/v2\/media\/350281"}],"wp:attachment":[{"href":"https:\/\/www.europesays.com\/fr\/wp-json\/wp\/v2\/media?parent=350280"}],"wp:term":[{"taxonomy":"category","embeddable":true,"href":"https:\/\/www.europesays.com\/fr\/wp-json\/wp\/v2\/categories?post=350280"},{"taxonomy":"post_tag","embeddable":true,"href":"https:\/\/www.europesays.com\/fr\/wp-json\/wp\/v2\/tags?post=350280"}],"curies":[{"name":"wp","href":"https:\/\/api.w.org\/{rel}","templated":true}]}}