{"id":350282,"date":"2025-08-28T16:24:14","date_gmt":"2025-08-28T16:24:14","guid":{"rendered":"https:\/\/www.europesays.com\/fr\/350282\/"},"modified":"2025-08-28T16:24:14","modified_gmt":"2025-08-28T16:24:14","slug":"mignoni-veut-franchir-un-cap-et-regrette-que-des-leaders-naient-pas-ete-au-niveau-en-demie","status":"publish","type":"post","link":"https:\/\/www.europesays.com\/fr\/350282\/","title":{"rendered":"Mignoni veut franchir un cap et regrette que des leaders n\u2019aient pas \u00e9t\u00e9 au niveau en demie"},"content":{"rendered":"<p>Le Rugby Club Toulonnais veut poursuivre sa progression. Ces deux derni\u00e8res ann\u00e9es, les Varois se sont invit\u00e9s \u00e0 la table des meilleurs, retrouvant les phases finales apr\u00e8s une longue disette. Longtemps dans la course sur les deux tableaux, les hommes de Pierre Mignoni ont chut\u00e9 en quart de finale de Champions Cup face au Stade Toulousain et en demi-finale du Top 14 face \u00e0 l\u2019UBB.<\/p>\n<p>\u00ab \u00c7a veut dire gagner des titres\u00a0\u00bb<\/p>\n<p>Cette d\u00e9faite face aux Girondins a laiss\u00e9 de gros regrets \u00e0 Pierre Mignoni. Plus que le r\u00e9sultat, le manager a \u00e9t\u00e9 d\u00e9\u00e7u par le visage affich\u00e9 par son \u00e9quipe et ses leaders, comme il l\u2019a confi\u00e9 \u00e0 <a href=\"https:\/\/www.rugbyrama.fr\/2025\/08\/27\/top-14-pierre-mignoni-etre-a-toulon-ce-nest-pas-anodin-il-faut-en-prendre-conscience-12895735.php\" rel=\"nofollow noopener\" target=\"_blank\">Rugbyrama<\/a>.<\/p>\n<blockquote>\n<p>\u00ab\u00a0Non, les leaders sont l\u00e0. Mais tous n\u2019ont pas r\u00e9pondu pr\u00e9sent le jour de la demi-finale. L\u2019objectif, c\u2019est que tout le monde soit connect\u00e9 au bon moment. C\u2019est un point \u00e0 am\u00e9liorer. Ce groupe commence \u00e0 \u00e9crire son histoire. Une demi-finale, ce n\u2019est pas un titre, mais c\u2019est une \u00e9tape. Pour aller au bout, il faut vivre ces matchs-l\u00e0, parfois les perdre, mais surtout apprendre et revenir chaque ann\u00e9e. C\u2019est notre objectif cette saison. Je veux voir cette \u00e9quipe continuer \u00e0 progresser. C\u2019est ce qu\u2019on a fait sur les trois derni\u00e8res ann\u00e9es. Maintenant, il faut franchir un nouveau cap.\u00a0\u00bb<\/p>\n<\/blockquote>\n<p>Apr\u00e8s avoir retrouv\u00e9 go\u00fbt aux phases finales, l\u2019objectif est tr\u00e8s clair pour Pierre Mignoni, \u00e0 savoir garnir le palmar\u00e8s du club.<\/p>\n<blockquote>\n<p>\u00ab\u00a0\u00c7a veut dire tenter de gagner des titres. Mais comme chaque ann\u00e9e, il n\u2019y a qu\u2019un seul vainqueur. Sur 14 \u00e9quipes, une seule soul\u00e8ve le bouclier. Les autres regardent. En Coupe d\u2019Europe, on se d\u00e9place \u00e0 \u00c9dimbourg et on re\u00e7oit Bath, un gros morceau. On sait ce que \u00e7a co\u00fbte de viser un quart \u00e0 domicile, on l\u2019a v\u00e9cu l\u2019an dernier. Il ne faudra pas se rater. On a envie d\u2019y retourner, et surtout de franchir ce cap.\u00a0\u00bb<\/p>\n<\/blockquote>\n<p>Partagez cette info avec vos amis et vos proches en cliquant ici<br \/>Pour r\u00e9sumer<\/p>\n<p>Pierre Mignoni s\u2019est confi\u00e9 pour Rugbyrama sur la pr\u00e9paration du Rugby Club Toulonnais avant le d\u00e9but de la saison. Le manager varois veut encore franchir un cap en allant d\u00e9crocher un titre. Il en attend pour cela plus de ses leaders.<\/p>\n<p> <img decoding=\"async\" width=\"76\" height=\"76\" loading=\"lazy\" src=\"https:\/\/www.europesays.com\/fr\/wp-content\/uploads\/2025\/04\/avatar-quinze.png\" alt=\"Arnaud D\u00e9chelotte\"\/><\/p>\n","protected":false},"excerpt":{"rendered":"Le Rugby Club Toulonnais veut poursuivre sa progression. Ces deux derni\u00e8res ann\u00e9es, les Varois se sont invit\u00e9s \u00e0&hellip;\n","protected":false},"author":2,"featured_media":350283,"comment_status":"","ping_status":"","sticky":false,"template":"","format":"standard","meta":{"footnotes":""},"categories":[1416],"tags":[1011,27,479,1468,60],"class_list":{"0":"post-350282","1":"post","2":"type-post","3":"status-publish","4":"format-standard","5":"has-post-thumbnail","7":"category-rugby","8":"tag-fr","9":"tag-france","10":"tag-rugby","11":"tag-rugby-football","12":"tag-sports"},"share_on_mastodon":{"url":"https:\/\/pubeurope.com\/@fr\/115107323261854435","error":""},"_links":{"self":[{"href":"https:\/\/www.europesays.com\/fr\/wp-json\/wp\/v2\/posts\/350282","targetHints":{"allow":["GET"]}}],"collection":[{"href":"https:\/\/www.europesays.com\/fr\/wp-json\/wp\/v2\/posts"}],"about":[{"href":"https:\/\/www.europesays.com\/fr\/wp-json\/wp\/v2\/types\/post"}],"author":[{"embeddable":true,"href":"https:\/\/www.europesays.com\/fr\/wp-json\/wp\/v2\/users\/2"}],"replies":[{"embeddable":true,"href":"https:\/\/www.europesays.com\/fr\/wp-json\/wp\/v2\/comments?post=350282"}],"version-history":[{"count":0,"href":"https:\/\/www.europesays.com\/fr\/wp-json\/wp\/v2\/posts\/350282\/revisions"}],"wp:featuredmedia":[{"embeddable":true,"href":"https:\/\/www.europesays.com\/fr\/wp-json\/wp\/v2\/media\/350283"}],"wp:attachment":[{"href":"https:\/\/www.europesays.com\/fr\/wp-json\/wp\/v2\/media?parent=350282"}],"wp:term":[{"taxonomy":"category","embeddable":true,"href":"https:\/\/www.europesays.com\/fr\/wp-json\/wp\/v2\/categories?post=350282"},{"taxonomy":"post_tag","embeddable":true,"href":"https:\/\/www.europesays.com\/fr\/wp-json\/wp\/v2\/tags?post=350282"}],"curies":[{"name":"wp","href":"https:\/\/api.w.org\/{rel}","templated":true}]}}