{"id":350286,"date":"2025-08-28T16:31:14","date_gmt":"2025-08-28T16:31:14","guid":{"rendered":"https:\/\/www.europesays.com\/fr\/350286\/"},"modified":"2025-08-28T16:31:14","modified_gmt":"2025-08-28T16:31:14","slug":"video-la-ffbb-devoile-les-coulisses-de-la-prepa-des-bleus-dans-all-access","status":"publish","type":"post","link":"https:\/\/www.europesays.com\/fr\/350286\/","title":{"rendered":"[Vid\u00e9o] La FFBB d\u00e9voile les coulisses de la pr\u00e9pa&rsquo; des Bleus dans \u00ab\u00a0All-Access\u00a0\u00bb"},"content":{"rendered":"<p data-start=\"475\" data-end=\"850\">L\u2019\u00e9quipe de France entre en lice ce jeudi 28 ao\u00fbt face \u00e0 la Belgique, \u00e0 Katowice (Pologne). Pour l\u2019occasion, la F\u00e9d\u00e9ration fran\u00e7aise de basketball a mis en ligne un nouvel \u00e9pisode de sa webs\u00e9rie \u201cAll-Access\u201d (17 minutes), retra\u00e7ant les coulisses du voyage des Bleus et de leur dernier match de pr\u00e9paration face \u00e0 la Gr\u00e8ce de Giannis Antetokounmpo, \u00e0 l\u2019OAKA Arena d\u2019Ath\u00e8nes.<\/p>\n<p><strong>Strazel, un coup dur avant l\u2019Euro<\/strong><\/p>\n<p data-start=\"892\" data-end=\"1206\">Moment marquant de cet \u00e9pisode : l\u2019annonce du forfait de <a target=\"_blank\" rel=\"noopener nofollow\" href=\"https:\/\/www.bebasket.fr\/joueur\/matthew-strazel\">Matthew Strazel<\/a>. Touch\u00e9, le meneur de Monaco confie face cam\u00e9ra sa d\u00e9ception mais aussi sa volont\u00e9 de rester pr\u00e9sent aupr\u00e8s de ses co\u00e9quipiers.<\/p>\n<p data-start=\"1208\" data-end=\"1417\">Le natif de Bourg-la-Reine, annonc\u00e9 comme l\u2019un des leaders de jeu de cette \u00e9quipe de France, laisse un vide \u00e0 combler pour le staff tricolore, d\u00e9j\u00e0 confront\u00e9 \u00e0 des choix forts dans la constitution du groupe.<\/p>\n<blockquote class=\"twitter-tweet\" data-width=\"550\" data-dnt=\"true\">\n<p lang=\"fr\" dir=\"ltr\">\u00ab\u00a0\ud835\udc0e\ud835\udc27 \ud835\udc26&rsquo;\ud835\udc1a \ud835\udc1c\ud835\udc28\ud835\udc2e\ud835\udc29\ud835\udc1e\u0301 \ud835\udc26\ud835\udc28\ud835\udc27 \ud835\udc2b\ud835\udc1e\u0302\ud835\udc2f\ud835\udc1e\u00a0\u00bb \ud83e\udd7a<\/p>\n<p>Le t\u00e9moignage poignant de Matthew Strazel, contraint de d\u00e9clarer forfait pour l&rsquo;<a href=\"https:\/\/twitter.com\/EuroBasket?ref_src=twsrc%5Etfw\" rel=\"nofollow noopener\" target=\"_blank\">@EuroBasket<\/a> \ud83d\ude1e<\/p>\n<p>Le 1er \u00e9pisode de la web-s\u00e9rie est disponible \ud83d\udc49 <a href=\"https:\/\/t.co\/hjpjInKGaJ\" rel=\"nofollow\">https:\/\/t.co\/hjpjInKGaJ<\/a> <a href=\"https:\/\/twitter.com\/hashtag\/TeamFranceBasket?src=hash&amp;ref_src=twsrc%5Etfw\" rel=\"nofollow noopener\" target=\"_blank\">#TeamFranceBasket<\/a> | <a href=\"https:\/\/twitter.com\/hashtag\/Passionn%C3%A9mentBleu?src=hash&amp;ref_src=twsrc%5Etfw\" rel=\"nofollow noopener\" target=\"_blank\">#Passionn\u00e9mentBleu<\/a> | <a href=\"https:\/\/twitter.com\/hashtag\/EuroBasket?src=hash&amp;ref_src=twsrc%5Etfw\" rel=\"nofollow noopener\" target=\"_blank\">#EuroBasket<\/a> <a href=\"https:\/\/t.co\/9jaTXdqdSg\" rel=\"nofollow\">pic.twitter.com\/9jaTXdqdSg<\/a><\/p>\n<p>\u2014 \u00c9quipes de France de Basket (@FRABasketball) <a href=\"https:\/\/twitter.com\/FRABasketball\/status\/1960713387190472830?ref_src=twsrc%5Etfw\" rel=\"nofollow noopener\" target=\"_blank\">August 27, 2025<\/a><\/p>\n<\/blockquote>\n<p><strong>Yabusele, capitaine des Bleus<\/strong><\/p>\n<p data-start=\"1455\" data-end=\"1728\">Le documentaire revient aussi sur la mont\u00e9e en puissance du nouveau capitaine, <a target=\"_blank\" rel=\"noopener nofollow\" href=\"https:\/\/www.bebasket.fr\/joueur\/guerschon-yabusele\">Guerschon Yabusele<\/a>, double m\u00e9daill\u00e9 olympique. Dans le sillage de l\u2019int\u00e9rieur du Real Madrid, les Bleus ont boucl\u00e9 leur pr\u00e9paration et se tournent d\u00e9sormais vers le grand rendez-vous polonais.<\/p>\n<p data-start=\"1730\" data-end=\"1911\">La France d\u00e9butera son EuroBasket face \u00e0 la Belgique, diminu\u00e9e par l\u2019absence de plusieurs cadres, mais toujours comp\u00e9titive. Un match capital pour bien entrer dans la comp\u00e9tition.<\/p>\n<\/p>\n<p><script async src=\"https:\/\/platform.twitter.com\/widgets.js\" charset=\"utf-8\"><\/script><\/p>\n","protected":false},"excerpt":{"rendered":"L\u2019\u00e9quipe de France entre en lice ce jeudi 28 ao\u00fbt face \u00e0 la Belgique, \u00e0 Katowice (Pologne). Pour&hellip;\n","protected":false},"author":2,"featured_media":350288,"comment_status":"","ping_status":"","sticky":false,"template":"","format":"standard","meta":{"footnotes":""},"categories":[1414],"tags":[1465,1464,1011,27,60],"class_list":{"0":"post-350286","1":"post","2":"type-post","3":"status-publish","4":"format-standard","5":"has-post-thumbnail","7":"category-basket","8":"tag-basket","9":"tag-basketball","10":"tag-fr","11":"tag-france","12":"tag-sports"},"share_on_mastodon":{"url":"","error":""},"_links":{"self":[{"href":"https:\/\/www.europesays.com\/fr\/wp-json\/wp\/v2\/posts\/350286","targetHints":{"allow":["GET"]}}],"collection":[{"href":"https:\/\/www.europesays.com\/fr\/wp-json\/wp\/v2\/posts"}],"about":[{"href":"https:\/\/www.europesays.com\/fr\/wp-json\/wp\/v2\/types\/post"}],"author":[{"embeddable":true,"href":"https:\/\/www.europesays.com\/fr\/wp-json\/wp\/v2\/users\/2"}],"replies":[{"embeddable":true,"href":"https:\/\/www.europesays.com\/fr\/wp-json\/wp\/v2\/comments?post=350286"}],"version-history":[{"count":0,"href":"https:\/\/www.europesays.com\/fr\/wp-json\/wp\/v2\/posts\/350286\/revisions"}],"wp:featuredmedia":[{"embeddable":true,"href":"https:\/\/www.europesays.com\/fr\/wp-json\/wp\/v2\/media\/350288"}],"wp:attachment":[{"href":"https:\/\/www.europesays.com\/fr\/wp-json\/wp\/v2\/media?parent=350286"}],"wp:term":[{"taxonomy":"category","embeddable":true,"href":"https:\/\/www.europesays.com\/fr\/wp-json\/wp\/v2\/categories?post=350286"},{"taxonomy":"post_tag","embeddable":true,"href":"https:\/\/www.europesays.com\/fr\/wp-json\/wp\/v2\/tags?post=350286"}],"curies":[{"name":"wp","href":"https:\/\/api.w.org\/{rel}","templated":true}]}}