{"id":350296,"date":"2025-08-28T16:36:17","date_gmt":"2025-08-28T16:36:17","guid":{"rendered":"https:\/\/www.europesays.com\/fr\/350296\/"},"modified":"2025-08-28T16:36:17","modified_gmt":"2025-08-28T16:36:17","slug":"le-paris-fc-officialise-un-joli-coup","status":"publish","type":"post","link":"https:\/\/www.europesays.com\/fr\/350296\/","title":{"rendered":"Le Paris FC officialise un joli coup"},"content":{"rendered":"<p><strong>Le Paris FC a officialis\u00e9 ce<br \/>\njeudi l\u2019arriv\u00e9e d\u2019un milieu de terrain exp\u00e9riment\u00e9.<\/strong><\/p>\n<p><strong><a href=\"https:\/\/www.sports.fr\/football\/mercato\/le-paris-fc-sur-le-point-de-boucler-un-joli-coup-945686.html\" rel=\"nofollow noopener\" target=\"_blank\"><br \/>\nC\u2019\u00e9tait attendu<\/a><\/strong>, c\u2019est d\u00e9sormais officiel. Le Paris FC<br \/>\na annonc\u00e9 ce jeudi l\u2019arriv\u00e9e de Pierre Lees-Melou. Le milieu de<br \/>\nterrain de 32 ans s\u2019est engag\u00e9 en faveur du club parisien jusqu\u2019en<br \/>\njuin 2027.<\/p>\n<p>\u00ab\u00a0Nous sommes contents d\u2019accueillir Pierre, il va nous<br \/>\napporter sa grande exp\u00e9rience du haut niveau\u00a0\u00bb, s\u2019est<br \/>\nr\u00e9joui Fran\u00e7ois Ferracci, directeur sportif du PFC.<\/p>\n<blockquote class=\"twitter-tweet\"><p><a class=\"twitter-link\" rel=\"noindex, nofollow noopener\" href=\"https:\/\/twitter.com\/ParisFC\/status\/1961051346808844418\" target=\"_blank\"><\/p><\/blockquote>\n<p>Le transfert de Pierre Lees-Melou va rapporter 6,5 millions<br \/>\nd\u2019euros (bonus compris) \u00e0 Brest, selon le quotidien<br \/>\nL\u2019Equipe. C\u2019est la cinqui\u00e8me recrue estivale pour la<br \/>\nformation francilienne, qui a d\u00e9j\u00e0 boucl\u00e9 les arriv\u00e9es de Nhoa<br \/>\nSangui (Reims), Moses Simon (Nantes), Otavio (Porto) et Willem<br \/>\nGeubbels (Saint-Gall).<\/p>\n<p><script async src=\"https:\/\/platform.twitter.com\/widgets.js\" charset=\"utf-8\"><\/script><\/p>\n","protected":false},"excerpt":{"rendered":"Le Paris FC a officialis\u00e9 ce jeudi l\u2019arriv\u00e9e d\u2019un milieu de terrain exp\u00e9riment\u00e9. C\u2019\u00e9tait attendu, c\u2019est d\u00e9sormais officiel.&hellip;\n","protected":false},"author":2,"featured_media":350297,"comment_status":"","ping_status":"","sticky":false,"template":"","format":"standard","meta":{"footnotes":""},"categories":[1410],"tags":[63,1011,27,60],"class_list":{"0":"post-350296","1":"post","2":"type-post","3":"status-publish","4":"format-standard","5":"has-post-thumbnail","7":"category-football","8":"tag-football","9":"tag-fr","10":"tag-france","11":"tag-sports"},"share_on_mastodon":{"url":"https:\/\/pubeurope.com\/@fr\/115107370392961915","error":""},"_links":{"self":[{"href":"https:\/\/www.europesays.com\/fr\/wp-json\/wp\/v2\/posts\/350296","targetHints":{"allow":["GET"]}}],"collection":[{"href":"https:\/\/www.europesays.com\/fr\/wp-json\/wp\/v2\/posts"}],"about":[{"href":"https:\/\/www.europesays.com\/fr\/wp-json\/wp\/v2\/types\/post"}],"author":[{"embeddable":true,"href":"https:\/\/www.europesays.com\/fr\/wp-json\/wp\/v2\/users\/2"}],"replies":[{"embeddable":true,"href":"https:\/\/www.europesays.com\/fr\/wp-json\/wp\/v2\/comments?post=350296"}],"version-history":[{"count":0,"href":"https:\/\/www.europesays.com\/fr\/wp-json\/wp\/v2\/posts\/350296\/revisions"}],"wp:featuredmedia":[{"embeddable":true,"href":"https:\/\/www.europesays.com\/fr\/wp-json\/wp\/v2\/media\/350297"}],"wp:attachment":[{"href":"https:\/\/www.europesays.com\/fr\/wp-json\/wp\/v2\/media?parent=350296"}],"wp:term":[{"taxonomy":"category","embeddable":true,"href":"https:\/\/www.europesays.com\/fr\/wp-json\/wp\/v2\/categories?post=350296"},{"taxonomy":"post_tag","embeddable":true,"href":"https:\/\/www.europesays.com\/fr\/wp-json\/wp\/v2\/tags?post=350296"}],"curies":[{"name":"wp","href":"https:\/\/api.w.org\/{rel}","templated":true}]}}