{"id":350298,"date":"2025-08-28T16:37:08","date_gmt":"2025-08-28T16:37:08","guid":{"rendered":"https:\/\/www.europesays.com\/fr\/350298\/"},"modified":"2025-08-28T16:37:08","modified_gmt":"2025-08-28T16:37:08","slug":"la-reponse-pleine-dhumour-de-pierre-richard-a-ceux-qui-le-disent-affaibli","status":"publish","type":"post","link":"https:\/\/www.europesays.com\/fr\/350298\/","title":{"rendered":"la r\u00e9ponse pleine d&rsquo;humour de Pierre Richard \u00e0 ceux qui le disent affaibli"},"content":{"rendered":"<p>L&rsquo;acteur a publi\u00e9 sur Instagram une mise au point apr\u00e8s des articles alarmistes sur sa sant\u00e9. Il assure aller tr\u00e8s bien et mener de nombreux projets.<\/p>\n<p>Pierre Richard est en pleine forme et tient \u00e0 le faire savoir. Aucun signe de faiblesse pour l&rsquo;acteur de 91 ans, qui m\u00e8ne de front la promotion de son dernier film en tant que r\u00e9alisateur, et se pr\u00e9pare \u00e0 remonter sur les planches.<\/p>\n<p>\u00ab\u00a0Je viens d&rsquo;apprendre par un journal qu&rsquo;\u00e0 91 ans je suis affaibli, au point de renoncer \u00e0 une partie de ma carri\u00e8re\u00a0\u00bb, \u00e9crit-il ainsi sur Instagram ce jeudi.<\/p>\n<p>\u00ab\u00a0Pourtant je suis en pleine promotion de mon dernier film <a href=\"https:\/\/www.bfmtv.com\/people\/cinema\/c-est-un-evenement-pierre-richard-90-ans-annonce-avoir-realise-un-nouveau-film_AV-202501080764.html\" title=\"&quot;C&#039;est un \u00e9v\u00e9nement!&quot;: Pierre Richard, 90 ans, annonce avoir r\u00e9alis\u00e9 un nouveau film\" class=\"internal_link\" rel=\"nofollow noopener\" target=\"_blank\">L&rsquo;Homme qui a vu l&rsquo;ours qui a vu l&rsquo;homme<\/a>, j&rsquo;encha\u00eene avec une tourn\u00e9e de ma pi\u00e8ce de th\u00e9\u00e2tre et me pr\u00e9pare \u00e0 tourner un autre film. Merci au journal de m&rsquo;avoir pr\u00e9venu. J&rsquo;annule tout et je file \u00e0 l&rsquo;h\u00f4pital de ce pas.\u00a0\u00bb<\/p>\n<p>\u00ab\u00a0Plus facile d&rsquo;\u00eatre com\u00e9dien\u00a0\u00bb<\/p>\n<p>C&rsquo;est une petite phrase, l\u00e2ch\u00e9e au d\u00e9tour d&rsquo;une interview, le 23 ao\u00fbt dernier qui a tout d\u00e9clench\u00e9. R\u00e9pondant \u00e0 <a href=\"https:\/\/www.pressreader.com\/monaco\/monaco-matin\/20250823\/282153592383576?srsltid=AfmBOor0EY000TsPk3yUozEqa7qCngMlvu_lFMsri0XLM5bdhkEFk8AG\" target=\"_blank\" class=\"external_link\" rel=\"nofollow noopener\">Monaco Matin<\/a> dans le cadre de la promotion de son film, sur le fait que ce puisse \u00eatre le dernier qu&rsquo;il r\u00e9alisait, l&rsquo;acteur a r\u00e9pondu:<\/p>\n<blockquote class=\"embed embed_quote\"><p>\u00ab\u00a0Je crois que je n&rsquo;en ferai plus, parce que physiquement, une aventure de deux ans et demi, c&rsquo;est quand m\u00eame tr\u00e8s dur \u00e0 mon \u00e2ge.\u00a0\u00bb<\/p><\/blockquote>\n<p>Une phrase reprise par plusieurs m\u00e9dias, sans la suite de la r\u00e9ponse, qui nuan\u00e7ait le propos, dans laquelle Pierre Richard expliquait: \u00ab\u00a0\u00c0 mon \u00e2ge c&rsquo;est tellement plus facile d&rsquo;\u00eatre com\u00e9dien. Je pourrais faire trois films par an tranquillement en m&rsquo;asseyant sur une chaise entre deux plans.\u00a0\u00bb<\/p>\n<p>\u00ab\u00a0La seule chose que j\u2019ai perdue, c\u2019est ma libert\u00e9 physique. (\u2026) La seule chose maintenant, c\u2019est que je bo\u00eete, \u00e7a, ce n\u2019est pas la m\u00eame\u00a0\u00bb, glissait-il aussi, expliquant avoir toujours le m\u00eame \u0153il, la m\u00eame passion et la m\u00eame po\u00e9sie.<\/p>\n<p>Pierre Richard, \u00e0 qui l&rsquo;on doit, en tant r\u00e9alisateur, Le Distrait, Les Malheurs d&rsquo;Alfred, Je sais rien, mais je dirai tout ou encore Je suis timide mais je me soigne dans les ann\u00e9es 1970, n&rsquo;avait pas r\u00e9alis\u00e9 de film depuis Droit dans le mur, il y a 28 ans. L\u2019Homme qui a vu l\u2019ours qui a vu l\u2019homme, tourn\u00e9 en 2024, est son neuvi\u00e8me film derri\u00e8re la cam\u00e9ra.<\/p>\n<p>\u00ab\u00a0J&rsquo;aime beaucoup ce film\u00a0\u00bb<\/p>\n<p>Pierre Richard, en a \u00e9crit le sc\u00e9nario avec Anne-Sophie Rivi\u00e8re. Il y donne la r\u00e9plique \u00e0 Gustave Kervern et au jeune Timi-Joy Marbot (vu dans le carton de Netflix <strong><a href=\"https:\/\/www.bfmtv.com\/people\/cinema\/sous-la-seine-depasse-les-100-millions-de-vues-et-devient-le-film-francais-le-plus-vu-de-netflix_AV-202408280264.html\" title=\"&quot;Sous la Seine&quot; d\u00e9passe les 100 millions de vues et devient le film fran\u00e7ais le plus vu de Netflix\" class=\"internal_link\" rel=\"nofollow noopener\" target=\"_blank\">Sous la Seine<\/a><\/strong>).<\/p>\n<p>\u00ab\u00a0Pour moi, c&rsquo;est quand m\u00eame un \u00e9v\u00e9nement!\u00a0\u00bb, d\u00e9clarait-il en d\u00e9but d&rsquo;ann\u00e9e dans une vid\u00e9o publi\u00e9e sur X. \u00ab\u00a0J&rsquo;ai refait un dernier film. Je crois que j&rsquo;aime beaucoup ce film et je serai tr\u00e8s heureux que vous alliez le voir.\u00a0\u00bb<\/p>\n<p>On l&rsquo;a vu l&rsquo;ann\u00e9e derni\u00e8re devant la cam\u00e9ra dans pas moins de deux films, <a href=\"https:\/\/fr.wikipedia.org\/wiki\/F%C3%AAl%C3%A9s\" target=\"_blank\" class=\"external_link\" rel=\"nofollow noopener\">F\u00eal\u00e9s<\/a> de Christophe Duthuron\u00a0et La Vall\u00e9e des fous de Xavier Beauvois.<\/p>\n","protected":false},"excerpt":{"rendered":"L&rsquo;acteur a publi\u00e9 sur Instagram une mise au point apr\u00e8s des articles alarmistes sur sa sant\u00e9. Il assure&hellip;\n","protected":false},"author":2,"featured_media":350299,"comment_status":"","ping_status":"","sticky":false,"template":"","format":"standard","meta":{"footnotes":""},"categories":[1359],"tags":[58,59,1011,27,973],"class_list":{"0":"post-350298","1":"post","2":"type-post","3":"status-publish","4":"format-standard","5":"has-post-thumbnail","7":"category-people","8":"tag-divertissement","9":"tag-entertainment","10":"tag-fr","11":"tag-france","12":"tag-people"},"share_on_mastodon":{"url":"https:\/\/pubeurope.com\/@fr\/115107374276647956","error":""},"_links":{"self":[{"href":"https:\/\/www.europesays.com\/fr\/wp-json\/wp\/v2\/posts\/350298","targetHints":{"allow":["GET"]}}],"collection":[{"href":"https:\/\/www.europesays.com\/fr\/wp-json\/wp\/v2\/posts"}],"about":[{"href":"https:\/\/www.europesays.com\/fr\/wp-json\/wp\/v2\/types\/post"}],"author":[{"embeddable":true,"href":"https:\/\/www.europesays.com\/fr\/wp-json\/wp\/v2\/users\/2"}],"replies":[{"embeddable":true,"href":"https:\/\/www.europesays.com\/fr\/wp-json\/wp\/v2\/comments?post=350298"}],"version-history":[{"count":0,"href":"https:\/\/www.europesays.com\/fr\/wp-json\/wp\/v2\/posts\/350298\/revisions"}],"wp:featuredmedia":[{"embeddable":true,"href":"https:\/\/www.europesays.com\/fr\/wp-json\/wp\/v2\/media\/350299"}],"wp:attachment":[{"href":"https:\/\/www.europesays.com\/fr\/wp-json\/wp\/v2\/media?parent=350298"}],"wp:term":[{"taxonomy":"category","embeddable":true,"href":"https:\/\/www.europesays.com\/fr\/wp-json\/wp\/v2\/categories?post=350298"},{"taxonomy":"post_tag","embeddable":true,"href":"https:\/\/www.europesays.com\/fr\/wp-json\/wp\/v2\/tags?post=350298"}],"curies":[{"name":"wp","href":"https:\/\/api.w.org\/{rel}","templated":true}]}}