{"id":350300,"date":"2025-08-28T16:38:10","date_gmt":"2025-08-28T16:38:10","guid":{"rendered":"https:\/\/www.europesays.com\/fr\/350300\/"},"modified":"2025-08-28T16:38:10","modified_gmt":"2025-08-28T16:38:10","slug":"meme-si-cet-enfant-etait-malade-il-a-le-droit-detre-nourri-la-photo-polemique-sur-la-famine-a-gaza-publiee-dans-le-new-york-times-rebondit-jusqua-visa-pour-limage","status":"publish","type":"post","link":"https:\/\/www.europesays.com\/fr\/350300\/","title":{"rendered":"\u00ab\u00a0M\u00eame si cet enfant \u00e9tait malade, il a le droit d\u2019\u00eatre nourri\u00a0\u00bb\u00a0: la photo pol\u00e9mique sur la famine \u00e0 Gaza publi\u00e9e dans le New York Times rebondit jusqu\u2019\u00e0 Visa pour l\u2019Image"},"content":{"rendered":"<p>\n                                                                \u00c0 l\u2019occasion de la pr\u00e9sentation du festival Visa pour l\u2019Image 2025, l\u2019attribution d\u2019un Visa d\u2019Or au photographe\u00a0Saher Alghorra a \u00e9t\u00e9 remise en question par l\u2019ancien maire de Perpignan, Jean-Marc Pujol. Ce photographe, collaborant pour The New York Times, a \u00e9t\u00e9 l\u2019auteur d\u2019un clich\u00e9 sur la famine \u00e0 Gaza qui a suscit\u00e9 la pol\u00e9mique au pays de Donald Trump.\n                            <\/p>\n<p>Visa pour l\u2019Image a l\u2019habitude de provoquer le\u00a0d\u00e9bat. Le festival international du photojournalisme n\u2019aura pas d\u00e9rog\u00e9 \u00e0 la r\u00e8gle en cette 37e \u00e9dition.<\/p>\n<p>Ce jeudi, lors de la pr\u00e9sentation\u00a0du festival 2025, avant son inauguration officielle ce samedi 30\u00a0ao\u00fbt, la controverse \u00e9tait port\u00e9e par Jean-Marc Pujol. Celui qui fut maire de Perpignan 2009 \u00e0 2020 a point\u00e9 l\u2019une des attributions des prix Visa, r\u00e9compensant le travail des\u00a0photojournalistes. \u00ab\u00a0La remise par le Comit\u00e9 international de la Croix-Rouge (CIRC) du prix humanitaire \u00e0 Saher Alghorra me choque un peu\u00a0\u00bb, a lanc\u00e9 Jean-Marc Pujol au directeur du festival, Jean-Fran\u00e7ois Leroy.<\/p>\n<p>L\u2019ex-\u00e9dile faisant r\u00e9f\u00e9rence \u00e0 une pol\u00e9mique n\u00e9e Outre-Atlantique. Saher Alghorra est\u00a0l\u2019auteur d\u2019un clich\u00e9 publi\u00e9 dans The New York Times o\u00f9 une femme porte un enfant au corps \u00e9maci\u00e9, le sujet illustrant la famine qui\u00a0frappe \u00e0\u00a0Gaza. Or, dans un second temps, le journal am\u00e9ricain a publi\u00e9 un message, sous forme d\u2019excuse, pr\u00e9cisant que cet enfant \u00e9tait atteint d\u2019une maladie. \u00ab\u00a0\u00c0 l\u2019heure o\u00f9 nous d\u00e9non\u00e7ons les manipulations des images et leur possible d\u00e9tournement, je m\u2019interroge sur le choix de r\u00e9compenser ce photographe\u00a0\u00bb, confie \u00e0 L\u2019Ind\u00e9pendant Jean-Marc Pujol.<\/p>\n<p>Comme \u00e0 son habitude, droit dans ses bottes, le directeur Jean-Fran\u00e7ois Leroy a clarifi\u00e9 sa position. \u00ab\u00a0Deux choses\u00a0: premi\u00e8rement le New York Times s\u2019est excus\u00e9. Deuxi\u00e8mement\u00a0: selon moi, m\u00eame si cet enfant \u00e9tait malade, il a le droit d\u2019\u00eatre nourri. Par ailleurs, je ne vote pas pour\u00a0l\u2019attribution du Visa d\u2019Or du CIRC, mais je dois\u00a0dire que, parmi tous les photographes, il a \u00e9t\u00e9 laur\u00e9at \u00e0 l\u2019unanimit\u00e9 avec des gens comme Le Figaro Magazine, France Info ou La Croix. Il n\u2019y avait donc pas que des br\u00fblots d\u2019extr\u00eame-gauche\u00a0\u00bb.<\/p>\n","protected":false},"excerpt":{"rendered":"\u00c0 l\u2019occasion de la pr\u00e9sentation du festival Visa pour l\u2019Image 2025, l\u2019attribution d\u2019un Visa d\u2019Or au photographe\u00a0Saher Alghorra&hellip;\n","protected":false},"author":2,"featured_media":350301,"comment_status":"","ping_status":"","sticky":false,"template":"","format":"standard","meta":{"footnotes":""},"categories":[1358],"tags":[1348,1384,1385,1386,58,59,1011,27],"class_list":{"0":"post-350300","1":"post","2":"type-post","3":"status-publish","4":"format-standard","5":"has-post-thumbnail","7":"category-arts-et-design","8":"tag-arts","9":"tag-arts-and-design","10":"tag-arts-et-design","11":"tag-design","12":"tag-divertissement","13":"tag-entertainment","14":"tag-fr","15":"tag-france"},"share_on_mastodon":{"url":"https:\/\/pubeurope.com\/@fr\/115107379554387702","error":""},"_links":{"self":[{"href":"https:\/\/www.europesays.com\/fr\/wp-json\/wp\/v2\/posts\/350300","targetHints":{"allow":["GET"]}}],"collection":[{"href":"https:\/\/www.europesays.com\/fr\/wp-json\/wp\/v2\/posts"}],"about":[{"href":"https:\/\/www.europesays.com\/fr\/wp-json\/wp\/v2\/types\/post"}],"author":[{"embeddable":true,"href":"https:\/\/www.europesays.com\/fr\/wp-json\/wp\/v2\/users\/2"}],"replies":[{"embeddable":true,"href":"https:\/\/www.europesays.com\/fr\/wp-json\/wp\/v2\/comments?post=350300"}],"version-history":[{"count":0,"href":"https:\/\/www.europesays.com\/fr\/wp-json\/wp\/v2\/posts\/350300\/revisions"}],"wp:featuredmedia":[{"embeddable":true,"href":"https:\/\/www.europesays.com\/fr\/wp-json\/wp\/v2\/media\/350301"}],"wp:attachment":[{"href":"https:\/\/www.europesays.com\/fr\/wp-json\/wp\/v2\/media?parent=350300"}],"wp:term":[{"taxonomy":"category","embeddable":true,"href":"https:\/\/www.europesays.com\/fr\/wp-json\/wp\/v2\/categories?post=350300"},{"taxonomy":"post_tag","embeddable":true,"href":"https:\/\/www.europesays.com\/fr\/wp-json\/wp\/v2\/tags?post=350300"}],"curies":[{"name":"wp","href":"https:\/\/api.w.org\/{rel}","templated":true}]}}