{"id":350302,"date":"2025-08-28T16:39:22","date_gmt":"2025-08-28T16:39:22","guid":{"rendered":"https:\/\/www.europesays.com\/fr\/350302\/"},"modified":"2025-08-28T16:39:22","modified_gmt":"2025-08-28T16:39:22","slug":"le-best-of-de-leco-finance-en-v-o","status":"publish","type":"post","link":"https:\/\/www.europesays.com\/fr\/350302\/","title":{"rendered":"Le \u00abbest of\u00bb de l\u2019\u00e9co-finance en v.o."},"content":{"rendered":"<p class=\"paragraph\"><strong>Mehran Gul<\/strong><\/p>\n<p class=\"paragraph\">The New Geographyof <a href=\"https:\/\/agefi.com\/tags\/innovation\" rel=\"nofollow noopener\" target=\"_blank\">Innovation<\/a><\/p>\n<p class=\"paragraph\">Harper Collins<\/p>\n<p class=\"paragraph\">368 pages \u2013 29,90 francs<\/p>\n<p class=\"paragraph\">Et si l\u2019\u00e2ge d\u2019or de l\u2019innovation am\u00e9ricaine touchait \u00e0 sa fin? Dans The New Geography of Innovation, Mehran Gul (consultant et analyste r\u00e9sidant en Suisse) explore les nouveaux p\u00f4les technologiques du XXIe si\u00e8cle, de S\u00e9oul \u00e0 Stockholm et de Bangalore \u00e0 Berlin, \u00e0 la recherche d\u2019un \u00e9ventuel rival au mod\u00e8le californien. Le constat est plus nuanc\u00e9 qu\u2019attendu: malgr\u00e9 l\u2019essor de champions locaux comme TSMC, <a href=\"https:\/\/agefi.com\/tags\/spotify\" rel=\"nofollow noopener\" target=\"_blank\">Spotify<\/a> ou ARM, les Etats-Unis continuent de dominer l\u2019innovation de rupture, avec une capacit\u00e9 unique \u00e0 transformer les id\u00e9es en g\u00e9ants mondiaux. Gul, laur\u00e9at du prix Bracken Bower (FT\/McKinsey), s\u2019appuie sur 200 entretiens pour d\u00e9crypter les dynamiques \u00e0 l\u2019\u0153uvre et les failles des \u00e9cosyst\u00e8mes concurrents. Ce tour du monde stimulant montre que si la g\u00e9ographie de l\u2019innovation s\u2019\u00e9largit, elle ne se r\u00e9\u00e9quilibre pas encore&#8230; <a href=\"https:\/\/agefi.com\/tags\/silicon-valley\" rel=\"nofollow noopener\" target=\"_blank\">Silicon Valley<\/a> reste, pour l\u2019instant, un jeu \u00e0 part. (E.B.)<\/p>\n<p><img alt=\"Le \u00abbest of\u00bb de l\u2019\u00e9co-finance en v.o.\" loading=\"lazy\" width=\"1000\" height=\"600\" decoding=\"async\" data-nimg=\"1\" style=\"color:transparent\"   src=\"https:\/\/www.europesays.com\/fr\/wp-content\/uploads\/2025\/08\/width=3840,quality=75,format=auto.jpeg\"\/><\/p>\n<p class=\"paragraph\"><strong>Karen Hao<\/strong><\/p>\n<p class=\"paragraph\">Empire of AI<\/p>\n<p class=\"paragraph\">Random House<\/p>\n<p class=\"paragraph\">496 pages \u2013 26,90 francs<\/p>\n<p class=\"paragraph\">L\u2019<a href=\"https:\/\/agefi.com\/tags\/intelligence-artificielle\" rel=\"nofollow noopener\" target=\"_blank\">intelligence artificielle<\/a> est partout: dans nos moteurs de recherche, nos applis de traduction, nos assistants vocaux&#8230; Mais \u00e0 quoi ressemble l\u2019envers du d\u00e9cor? Dans Empire of AI, la journaliste Karen Hao nous plonge dans les coulisses d\u2019OpenAI, l\u2019entreprise \u00e0 l\u2019origine de <a href=\"https:\/\/agefi.com\/tags\/chatgpt\" rel=\"nofollow noopener\" target=\"_blank\">ChatGPT<\/a>, et de son embl\u00e9matique dirigeant, Sam Altman. Loin des r\u00e9cits enthousiastes sur la tech, elle brosse le portrait d\u2019un secteur anim\u00e9 par des ambitions vertigineuses \u2013 cr\u00e9er une super-intelligence \u2013 mais aveugle \u00e0 ses impacts humains, sociaux et environnementaux. Elle donne la parole \u00e0 ceux qu\u2019on entend rarement: travailleurs k\u00e9nyans sous-pay\u00e9s, artistes d\u00e9poss\u00e9d\u00e9s, communaut\u00e9s locales confront\u00e9es \u00e0 la pression des data centers. Le ton est parfois engag\u00e9, mais toujours document\u00e9. Sans condamner l\u2019IA en soi, Karen Hao interroge les choix de ceux qui la fa\u00e7onnent: faut-il vraiment que l\u2019innovation se construise au d\u00e9triment des plus vuln\u00e9rables? Une lecture qui invite \u00e0 repenser non pas si l\u2019IA doit exister, mais comment elle devrait \u00eatre d\u00e9velopp\u00e9e. (E.B.)\u00a0<\/p>\n<p><img alt=\"Le \u00abbest of\u00bb de l\u2019\u00e9co-finance en v.o.\" loading=\"lazy\" width=\"1000\" height=\"600\" decoding=\"async\" data-nimg=\"1\" style=\"color:transparent\"   src=\"https:\/\/www.europesays.com\/fr\/wp-content\/uploads\/2025\/08\/1756399160_142_width=3840,quality=75,format=auto.jpeg\"\/><\/p>\n<p class=\"paragraph\"><strong>Sara Davies<\/strong><\/p>\n<p class=\"paragraph\">The Six-Minute Entrepreneur<\/p>\n<p class=\"paragraph\">Random House<\/p>\n<p class=\"paragraph\">304 pages \u2013 35,50 francs<\/p>\n<p class=\"paragraph\">Pas le temps de (re)lancer une entreprise? Sara Davies n\u2019est pas d\u2019accord! Dans The Six-Minute Entrepreneur, la star de Dragons\u2019 Den et fondatrice de Crafter\u2019s Companion livre 52 le\u00e7ons express (une par semaine\u2026) pour faire avancer un projet entrepreneurial en seulement six minutes. Dans son style direct et sans jargon, elle aborde aussi bien le d\u00e9veloppement d\u2019id\u00e9es que la recherche de mentors, la gestion du temps ou les \u00e9checs \u00e0 surmonter. Inspir\u00e9 de sa propre exp\u00e9rience de femme entrepreneure, ce guide rythm\u00e9 s\u2019adresse autant aux r\u00eaveurs chroniques qu\u2019aux side-hustlers d\u00e9bord\u00e9s. Ce n\u2019est pas un manuel technique mais un booster de motivation, plein de conseils concrets \u00e0 picorer au fil des semaines. Une bonne dose d\u2019\u00e9nergie entrepreneuriale pour celles et ceux qui n\u2019ont que peu de temps \u2013 mais beaucoup d\u2019envies! (E.B.)<\/p>\n<p><img alt=\"Le \u00abbest of\u00bb de l\u2019\u00e9co-finance en v.o.\" loading=\"lazy\" width=\"1000\" height=\"600\" decoding=\"async\" data-nimg=\"1\" style=\"color:transparent\"   src=\"https:\/\/www.europesays.com\/fr\/wp-content\/uploads\/2025\/08\/1756399161_768_width=3840,quality=75,format=auto.jpeg\"\/><\/p>\n<p class=\"paragraph\"><strong>Bill Canady<\/strong><\/p>\n<p class=\"paragraph\">From Panic to Profit<\/p>\n<p class=\"paragraph\">Wiley<\/p>\n<p class=\"paragraph\">256 pages \u2013 37,50 francs<\/p>\n<p class=\"paragraph\">Dans un contexte \u00e9conomique instable, o\u00f9 les tensions g\u00e9opolitiques, l\u2019<a href=\"https:\/\/agefi.com\/tags\/inflation\" rel=\"nofollow noopener\" target=\"_blank\">inflation<\/a> persistante et la pression sur les marges fragilisent nombre d\u2019entreprises, repenser ses priorit\u00e9s devient vital. Dans From Panic to Profit, l\u2019homme d\u2019affaires Bill Canady propose une m\u00e9thode pragmatique pour sortir d\u2019une impasse strat\u00e9gique. Son fil rouge? Le fameux principe 80\/20, appliqu\u00e9 avec rigueur pour concentrer les ressources sur ce qui cr\u00e9e le plus de valeur. A travers des outils simples, des exemples concrets et une m\u00e9thode en quatre temps, il offre une feuille de route claire pour affronter les p\u00e9riodes de turbulence. Canady ne promet pas de solution miracle, mais un cadre exigeant, lucide et \u00e9minemment praticable. Un guide utile pour les dirigeants sous pression \u2013 ou ceux qui veulent \u00e9viter de le devenir&#8230; (E.B.)<\/p>\n<p><img alt=\"Le \u00abbest of\u00bb de l\u2019\u00e9co-finance en v.o.\" loading=\"lazy\" width=\"1000\" height=\"600\" decoding=\"async\" data-nimg=\"1\" style=\"color:transparent\"   src=\"https:\/\/www.europesays.com\/fr\/wp-content\/uploads\/2025\/08\/1756399161_469_width=3840,quality=75,format=auto.jpeg\"\/><\/p>\n","protected":false},"excerpt":{"rendered":"Mehran Gul The New Geographyof Innovation Harper Collins 368 pages \u2013 29,90 francs Et si l\u2019\u00e2ge d\u2019or de&hellip;\n","protected":false},"author":2,"featured_media":350303,"comment_status":"","ping_status":"","sticky":false,"template":"","format":"standard","meta":{"footnotes":""},"categories":[1357],"tags":[1379,58,59,1011,27,1380],"class_list":{"0":"post-350302","1":"post","2":"type-post","3":"status-publish","4":"format-standard","5":"has-post-thumbnail","7":"category-livres","8":"tag-books","9":"tag-divertissement","10":"tag-entertainment","11":"tag-fr","12":"tag-france","13":"tag-livres"},"share_on_mastodon":{"url":"https:\/\/pubeurope.com\/@fr\/115107382332153451","error":""},"_links":{"self":[{"href":"https:\/\/www.europesays.com\/fr\/wp-json\/wp\/v2\/posts\/350302","targetHints":{"allow":["GET"]}}],"collection":[{"href":"https:\/\/www.europesays.com\/fr\/wp-json\/wp\/v2\/posts"}],"about":[{"href":"https:\/\/www.europesays.com\/fr\/wp-json\/wp\/v2\/types\/post"}],"author":[{"embeddable":true,"href":"https:\/\/www.europesays.com\/fr\/wp-json\/wp\/v2\/users\/2"}],"replies":[{"embeddable":true,"href":"https:\/\/www.europesays.com\/fr\/wp-json\/wp\/v2\/comments?post=350302"}],"version-history":[{"count":0,"href":"https:\/\/www.europesays.com\/fr\/wp-json\/wp\/v2\/posts\/350302\/revisions"}],"wp:featuredmedia":[{"embeddable":true,"href":"https:\/\/www.europesays.com\/fr\/wp-json\/wp\/v2\/media\/350303"}],"wp:attachment":[{"href":"https:\/\/www.europesays.com\/fr\/wp-json\/wp\/v2\/media?parent=350302"}],"wp:term":[{"taxonomy":"category","embeddable":true,"href":"https:\/\/www.europesays.com\/fr\/wp-json\/wp\/v2\/categories?post=350302"},{"taxonomy":"post_tag","embeddable":true,"href":"https:\/\/www.europesays.com\/fr\/wp-json\/wp\/v2\/tags?post=350302"}],"curies":[{"name":"wp","href":"https:\/\/api.w.org\/{rel}","templated":true}]}}