{"id":350304,"date":"2025-08-28T16:40:30","date_gmt":"2025-08-28T16:40:30","guid":{"rendered":"https:\/\/www.europesays.com\/fr\/350304\/"},"modified":"2025-08-28T16:40:30","modified_gmt":"2025-08-28T16:40:30","slug":"cyril-hanouna-fait-une-nouvelle-annonce-importante-concernant-la-premiere-de-tout-beau-tout-neuf-sur-w9","status":"publish","type":"post","link":"https:\/\/www.europesays.com\/fr\/350304\/","title":{"rendered":"Cyril Hanouna fait une nouvelle annonce importante concernant la premi\u00e8re de Tout beau, tout neuf sur W9"},"content":{"rendered":"<p>Dans moins de quatre jours, les fans de Cyril Hanouna auront l&rsquo;occasion de d\u00e9couvrir son nouveau talk-show sur W9. L&rsquo;animateur a d\u00e9voil\u00e9 de nouvelles informations concernant Tout beau, tout 9, ce jeudi 28 ao\u00fbt, et il promet de tr\u00e8s belles surprises. <\/p>\n<p>Cyril Hanouna s&rsquo;appr\u00eate \u00e0 faire sa rentr\u00e9e sur W9 dans les prochains jours. Apr\u00e8s <a href=\"https:\/\/www.programme-tv.net\/news\/people\/372859-c-est-des-gens-que-je-connaissais-que-je-cotoyais-marie-portolano-donne-son-avis-sur-la-fermeture-de-c8\/\" data-api-deeplink=\"teleloisirs:\/\/news\/372859\" target=\"_blank\" rel=\"noopener\">la fermeture de C8<\/a> et, par cons\u00e9quent, <a href=\"https:\/\/www.programme-tv.net\/news\/tv\/375305-audiences-l-arret-de-touche-pas-a-mon-poste-a-t-il-profite-a-ses-concurrents-quotidien-et-c-a-vous\/\" data-api-deeplink=\"teleloisirs:\/\/news\/375305\" target=\"_blank\" rel=\"noopener\">l&rsquo;arr\u00eat de Touche pas \u00e0 mon poste<\/a> en f\u00e9vrier dernier, l&rsquo;animateur est de retour avec un nouveau talk-show intitul\u00e9 Tout beau, tout 9, d\u00e8s le 1er septembre \u00e0 partir de 18h45. \u00ab\u00a0Forc\u00e9ment \u00e7a va fortement ressembler \u00e0 TPMP\u00a0\u00bb, avait promis le pr\u00e9sentateur au micro d&rsquo;Europe 1. \u00ab\u00a0On va avoir des nouvelles s\u00e9quences. On est en train de travailler avec des s\u00e9quences avec l&rsquo;intelligence artificielle et il va y avoir des nouvelles personnes autour de la table\u00a0\u00bb, avait-il aussi expliqu\u00e9 sur le concept de son nouveau programme. Alors que les informations concernant Tout beau, tout 9 se d\u00e9voilent au compte-goutte, l&rsquo;ancien animateur d&rsquo;On marche sur la t\u00eate donne des nouvelles du projet ce jeudi 28 ao\u00fbt.<\/p>\n<p>                        \u00ab\u00a0C&rsquo;\u00e9tait la folie\u00a0\u00bb : Cyril Hanouna en dit plus sur le nombre de chroniqueurs qui int\u00e9greront l&rsquo;\u00e9quipe de Tout beau, tout 9<\/p>\n<p>Pour sa nouvelle \u00e9mission, Cyril Hanouna semble avoir r\u00e9uni de nombreuses personnalit\u00e9s : \u00ab\u00a0<b>Les ch\u00e9ris on a test\u00e9 beaucoup de monde hier pour TBT9, plus de 35 personnes !! C&rsquo;\u00e9tait la folie !! <\/b>Il y aura des petits nouveaux !!\u00a0\u00bb, partage-t-il sur X. \u00ab\u00a0Je vous dis la v\u00e9rit\u00e9 \u00e7a va \u00eatre lourd !! Tr\u00e8s lourd! Je suis tr\u00e8s tr\u00e8s content! J&rsquo;ai trop h\u00e2te, la folie\u00a0\u00bb, s&rsquo;est-il enthousiasm\u00e9 sur le r\u00e9seau social, quelques jours apr\u00e8s avoir d\u00e9voil\u00e9<a href=\"https:\/\/www.programme-tv.net\/news\/tv\/385964-il-est-pas-mort-eddy-mitchell-cyril-hanouna-dejante-avec-raymond-et-un-autre-chroniqueur-dans-la-nouvelle-bande-annonce-de-tout-beau-tout-n9uf\/\" data-api-deeplink=\"teleloisirs:\/\/news\/385964\" target=\"_blank\" rel=\"noopener\"> une nouvelle bande-annonce du programme<\/a>. Parmi les personnalit\u00e9s qui composent d\u00e9j\u00e0 <a href=\"https:\/\/www.programme-tv.net\/news\/tv\/385612-toute-belle-toute-neuve-danielle-moreau-annonce-son-arrivee-dans-l-emission-de-cyril-hanouna-sur-w9\/\" data-api-deeplink=\"teleloisirs:\/\/news\/385612\" target=\"_blank\" rel=\"noopener\">son \u00e9quipe de chroniqueurs,<\/a> l&rsquo;animateur a annonc\u00e9 que la plupart de ses amis seront de retour avec, entre autres, <a href=\"https:\/\/www.programme-tv.net\/biographie\/353826-aabou-raymond\/\" data-link-people=\"381d09a0-8e53-4bfa-a321-64592296fc0b\" target=\"_blank\" rel=\"noopener\">Raymond Aabou<\/a>, <a href=\"https:\/\/www.programme-tv.net\/biographie\/75560-maillet-geraldine\/\" data-link-people=\"ed551d46-8ab0-4c95-99cb-6e679875e24c\" target=\"_blank\" rel=\"noopener\">G\u00e9raldine Maillet<\/a>, Olivier Dartigolles, Val\u00e9rie B\u00e9na\u00efme, <a href=\"https:\/\/www.programme-tv.net\/biographie\/43061-lecoeuvre-fabien\/\" data-link-people=\"0aeba644-946c-49e4-9bce-63b3cf8a2e14\" target=\"_blank\" rel=\"noopener\">Fabien Lecoeuvre<\/a>, Michel Mary, <a href=\"https:\/\/www.programme-tv.net\/biographie\/1136-anthony-jerome\/\" data-link-people=\"6981d492-ce06-4040-bd76-1d2afd756b1f\" target=\"_blank\" rel=\"noopener\">J\u00e9r\u00f4me Anthony<\/a> et <a href=\"https:\/\/www.programme-tv.net\/biographie\/153193-moreau-danielle\/\" data-link-people=\"94f84028-b300-4fc7-a178-f4998bc90f3a\" target=\"_blank\" rel=\"noopener\">Danielle Moreau<\/a>.<\/p>\n<p>            Cyril Hanouna sera en direct sur Fun Radio tous les jours avant son talk-show<\/p>\n<p>D\u00e8s le 1er septembre, Cyril Hanouna lancera aussi une toute nouvelle \u00e9mission de radio sur Fun Radio, juste avant d&rsquo;encha\u00eener avec le talk-show. \u00ab\u00a0On encha\u00eenera d\u00e8s le premier septembre six heures d&rsquo;antenne tous les jours. 15h-18h radio et 18h45-21h15 t\u00e9l\u00e9vision. \u00c7a y est, c&rsquo;est tomb\u00e9, c&rsquo;est s\u00fbr\u00a0\u00bb, avait assur\u00e9 l&rsquo;animateur lors de sa derni\u00e8re sur Europe 1.<\/p>\n<blockquote class=\"twitter-tweet\">\n<p lang=\"fr\" dir=\"ltr\">Les ch\u00e9ris on a test\u00e9 bcp de monde hier pour <a href=\"https:\/\/twitter.com\/TBT9_W9?ref_src=twsrc%5Etfw\" target=\"_blank\" rel=\"noopener\">@TBT9_W9<\/a> plus de 35 personnes!! C \u00e9tait la folie !! Il y aura des petits nouveaux!! Je vous dis la v\u00e9rit\u00e9 \u00e7a va \u00eatre lourd !! Tr\u00e8s lourd! Je suis tr\u00e8s tr\u00e8s content! J ai trop h\u00e2te lundi 18h45 sur <a href=\"https:\/\/twitter.com\/W9?ref_src=twsrc%5Etfw\" target=\"_blank\" rel=\"noopener\">@W9<\/a> la folie<\/p>\n<p>\u2014 Cyril Hanouna (@Cyrilhanouna) <a href=\"https:\/\/twitter.com\/Cyrilhanouna\/status\/1961006139199353213?ref_src=twsrc%5Etfw\" target=\"_blank\" rel=\"noopener\">August 28, 2025<\/a><\/p><\/blockquote>\n<p>        <script async src=\"https:\/\/platform.twitter.com\/widgets.js\" charset=\"utf-8\"><\/script><\/p>\n","protected":false},"excerpt":{"rendered":"Dans moins de quatre jours, les fans de Cyril Hanouna auront l&rsquo;occasion de d\u00e9couvrir son nouveau talk-show sur&hellip;\n","protected":false},"author":2,"featured_media":350305,"comment_status":"","ping_status":"","sticky":false,"template":"","format":"standard","meta":{"footnotes":""},"categories":[1356],"tags":[244,1083,58,59,1011,27,252,1364,2395],"class_list":{"0":"post-350304","1":"post","2":"type-post","3":"status-publish","4":"format-standard","5":"has-post-thumbnail","7":"category-television","8":"tag-commentaire","9":"tag-cyril-hanouna","10":"tag-divertissement","11":"tag-entertainment","12":"tag-fr","13":"tag-france","14":"tag-television","15":"tag-tv","16":"tag-w9"},"share_on_mastodon":{"url":"https:\/\/pubeurope.com\/@fr\/115107386075440642","error":""},"_links":{"self":[{"href":"https:\/\/www.europesays.com\/fr\/wp-json\/wp\/v2\/posts\/350304","targetHints":{"allow":["GET"]}}],"collection":[{"href":"https:\/\/www.europesays.com\/fr\/wp-json\/wp\/v2\/posts"}],"about":[{"href":"https:\/\/www.europesays.com\/fr\/wp-json\/wp\/v2\/types\/post"}],"author":[{"embeddable":true,"href":"https:\/\/www.europesays.com\/fr\/wp-json\/wp\/v2\/users\/2"}],"replies":[{"embeddable":true,"href":"https:\/\/www.europesays.com\/fr\/wp-json\/wp\/v2\/comments?post=350304"}],"version-history":[{"count":0,"href":"https:\/\/www.europesays.com\/fr\/wp-json\/wp\/v2\/posts\/350304\/revisions"}],"wp:featuredmedia":[{"embeddable":true,"href":"https:\/\/www.europesays.com\/fr\/wp-json\/wp\/v2\/media\/350305"}],"wp:attachment":[{"href":"https:\/\/www.europesays.com\/fr\/wp-json\/wp\/v2\/media?parent=350304"}],"wp:term":[{"taxonomy":"category","embeddable":true,"href":"https:\/\/www.europesays.com\/fr\/wp-json\/wp\/v2\/categories?post=350304"},{"taxonomy":"post_tag","embeddable":true,"href":"https:\/\/www.europesays.com\/fr\/wp-json\/wp\/v2\/tags?post=350304"}],"curies":[{"name":"wp","href":"https:\/\/api.w.org\/{rel}","templated":true}]}}