{"id":350306,"date":"2025-08-28T16:41:09","date_gmt":"2025-08-28T16:41:09","guid":{"rendered":"https:\/\/www.europesays.com\/fr\/350306\/"},"modified":"2025-08-28T16:41:09","modified_gmt":"2025-08-28T16:41:09","slug":"pascal-obispo-la-mauvaise-nouvelle-est-tombee-pour-les-10-commandements","status":"publish","type":"post","link":"https:\/\/www.europesays.com\/fr\/350306\/","title":{"rendered":"Pascal Obispo : la mauvaise nouvelle est tomb\u00e9e pour \u00ab\u00a0Les 10 Commandements\u00a0\u00bb"},"content":{"rendered":"<p>Tr\u00e8s mauvaise nouvelle pour <a href=\"https:\/\/www.public.fr\/tag\/pascal-obispo\" target=\"_blank\" rel=\"noopener\">Pascal Obispo,<\/a> les artistes, et autres membres de la troupe de la com\u00e9die musicale <strong>\u00ab\u00a0Les 10 Commandements, l\u2019envie d\u2019aimer\u00a0\u00bb<\/strong>. En effet, le spectacle relanc\u00e9 par l\u2019artiste de 60 ans en mars 2024, vient de voir <strong>toutes ses dates annul\u00e9es jusqu\u2019en f\u00e9vrier 2026.<\/strong>\u00a0<\/p>\n<p>Une nouvelle qui a de quoi \u00e9tonner quand on sait que la nouvelle version de la com\u00e9die musicale, initialement \u00e9crite par Lionel Florence et Patrice Guirao, avait conquis 1,8\u00a0million de spectateurs fran\u00e7ais et <strong>sa\u00a0bande originale\u00a0s\u2019\u00e9tait \u00e9coul\u00e9e \u00e0 plus 1,5\u00a0million d\u2019exemplaires<\/strong>.<\/p>\n<p>Mais un communiqu\u00e9 vient de confirmer la mauvaise nouvelle. En effet, plusieurs salles qui devaient accueillir le show, relanc\u00e9 par <a href=\"https:\/\/vsd.fr\/tag\/pascal-obispo\/\" target=\"_blank\" rel=\"noopener\">Pascal Obispo<\/a>, au fil des prochains mois; ont relay\u00e9 le communiqu\u00e9 qui leur a \u00e9t\u00e9 transmis. Celui-ci, annulant officiellement les repr\u00e9sentations pr\u00e9vues pour les prochains mois.\u00a0<\/p>\n<p>La prochaine tourn\u00e9e des \u00ab\u00a010 Commandements\u00a0\u00bb annul\u00e9e<\/p>\n<p>\u00ab\u00a0Nous sommes au regret de vous annoncer <strong>notre d\u00e9cision d&rsquo;annuler la suite de la tourn\u00e9e<\/strong>\u00ab\u00a0, est-il possible de lire dans un premier temps. Par la suite, le communiqu\u00e9 pr\u00e9cise : \u00ab\u00a0Malgr\u00e9 tous nos efforts, les pertes accumul\u00e9es sur les premi\u00e8res exploitations et notre impossibilit\u00e9 \u00e0 trouver un mod\u00e8le \u00e9conomique viable avec les diff\u00e9rentes parties prenantes, <strong>nous contraignent \u00e0 prendre cette lourde et p\u00e9nible d\u00e9cision\u00a0\u00bb.\u00a0<\/strong><\/p>\n<p>De fait, plusieurs fans vont se faire rembourser \u00e9tant donn\u00e9 que le communiqu\u00e9 assure que les billets d\u00e9j\u00e0 vendus se verront rembours\u00e9s. En effet, le show relanc\u00e9 par Pascal Obispo avait encore une trentaine de repr\u00e9sentations pr\u00e9vues. Notamment \u00e0 Bordeaux, Toulouse, Rennes ou encore Beauvais.<\/p>\n<p>\u00ab\u00a0Nous r\u00e9it\u00e9rons notre tristesse de mettre fin \u00e0 ce beau projet\u00a0\u00bb, ajoutent \u00e9galement les organisateurs. Reste \u00e0 savoir si cette mauvaise nouvelle a un lien avec les d\u00e9bats et tensions suscit\u00e9s par ce renouveau des \u00ab\u00a010 Commandements\u00a0\u00bb.\u00a0<\/p>\n<p>Pascal Obispo avait pourtant gagn\u00e9 sa bataille judiciaire<\/p>\n<p>Elie Chouraqui, metteur en sc\u00e8ne de la premi\u00e8re version en 2000, avait en effet intent\u00e9 une action en justice contre Pascal Obispo pour tenter de faire interdire cette relecture comme le rappelle T\u00e9l\u00e9 7 jours.<\/p>\n<p>\u00ab\u00a0<strong>C&rsquo;est un nouveau spectacle ! <\/strong>Ce n&rsquo;est pas un retour de la com\u00e9die musicale. On ne refait pas la m\u00eame chose, mais une autre version avec un nouveau chor\u00e9graphe, un nouveau metteur en sc\u00e8ne, une nouvelle troupe. Avec les m\u00eames chansons certes, mais avec des in\u00e9dits. C&rsquo;est un petit peu comme &lsquo;Starmania&rsquo;, qui a connu plusieurs versions\u00a0\u00bb, se d\u00e9fendait pourtant Pascal Obispo. Finalement, <a href=\"https:\/\/www.public.fr\/pascal-obispo-victoire-par-forfait-apres-20-ans-de-guerre-avec-elie-chouraqui\" target=\"_blank\" rel=\"noopener\">Elie Chouraqui avait \u00e9t\u00e9 d\u00e9bout\u00e9<\/a>.<\/p>\n<p>      Mentionn\u00e9s dans cet article<\/p>\n<p>      Sur le m\u00eame sujet<\/p>\n","protected":false},"excerpt":{"rendered":"Tr\u00e8s mauvaise nouvelle pour Pascal Obispo, les artistes, et autres membres de la troupe de la com\u00e9die musicale&hellip;\n","protected":false},"author":2,"featured_media":350307,"comment_status":"","ping_status":"","sticky":false,"template":"","format":"standard","meta":{"footnotes":""},"categories":[1355],"tags":[11722,58,59,1011,27,35858,1361,873,17603,4441],"class_list":{"0":"post-350306","1":"post","2":"type-post","3":"status-publish","4":"format-standard","5":"has-post-thumbnail","7":"category-musique","8":"tag-comedie-musicale","9":"tag-divertissement","10":"tag-entertainment","11":"tag-fr","12":"tag-france","13":"tag-les-dix-commandements","14":"tag-music","15":"tag-musique","16":"tag-pascal-obispo","17":"tag-tournee"},"share_on_mastodon":{"url":"https:\/\/pubeurope.com\/@fr\/115107390080751605","error":""},"_links":{"self":[{"href":"https:\/\/www.europesays.com\/fr\/wp-json\/wp\/v2\/posts\/350306","targetHints":{"allow":["GET"]}}],"collection":[{"href":"https:\/\/www.europesays.com\/fr\/wp-json\/wp\/v2\/posts"}],"about":[{"href":"https:\/\/www.europesays.com\/fr\/wp-json\/wp\/v2\/types\/post"}],"author":[{"embeddable":true,"href":"https:\/\/www.europesays.com\/fr\/wp-json\/wp\/v2\/users\/2"}],"replies":[{"embeddable":true,"href":"https:\/\/www.europesays.com\/fr\/wp-json\/wp\/v2\/comments?post=350306"}],"version-history":[{"count":0,"href":"https:\/\/www.europesays.com\/fr\/wp-json\/wp\/v2\/posts\/350306\/revisions"}],"wp:featuredmedia":[{"embeddable":true,"href":"https:\/\/www.europesays.com\/fr\/wp-json\/wp\/v2\/media\/350307"}],"wp:attachment":[{"href":"https:\/\/www.europesays.com\/fr\/wp-json\/wp\/v2\/media?parent=350306"}],"wp:term":[{"taxonomy":"category","embeddable":true,"href":"https:\/\/www.europesays.com\/fr\/wp-json\/wp\/v2\/categories?post=350306"},{"taxonomy":"post_tag","embeddable":true,"href":"https:\/\/www.europesays.com\/fr\/wp-json\/wp\/v2\/tags?post=350306"}],"curies":[{"name":"wp","href":"https:\/\/api.w.org\/{rel}","templated":true}]}}