{"id":350314,"date":"2025-08-28T16:45:10","date_gmt":"2025-08-28T16:45:10","guid":{"rendered":"https:\/\/www.europesays.com\/fr\/350314\/"},"modified":"2025-08-28T16:45:10","modified_gmt":"2025-08-28T16:45:10","slug":"qui-voir-ce-soir-sur-le-tapis-bleu-du-ffa-suivez-la-4e-journee-en-direct-charente-libre","status":"publish","type":"post","link":"https:\/\/www.europesays.com\/fr\/350314\/","title":{"rendered":"Qui voir ce soir sur le tapis bleu du FFA? Suivez la 4e journ\u00e9e en direct &#8211; Charente Libre"},"content":{"rendered":"<ol>\n<li><a href=\"https:\/\/news.google.com\/rss\/articles\/CBMitwJBVV95cUxQOU13WHBDSmpxZ0xwZUIzTlY1d2lzUnl2OS1NSDdwS3ZWaXMwb1hLenNzX1dhR25FUEdIak9nV3c3aGs1NWV2bGM3QWRnZGRuOTRnVGlwLWNwS3JTRHhYNlc3dnotZUFNWk1RVHM4Zi1ERFVPaFNTaFZBVTZ2QjJkcGdNS2NXcHdOZjQyck9jb282SzJ0S0pCalRnSlB2LVJEU1VITVpZRkMwWk5BNGJLbFJoWmRnNkFwYk1OZEdWM0RRV1FNZEVSOG9fWnpMSkRKdnVoaXR0RTRoT2Q1elpidGFIaHlFSmQxZ3dlRlZpc1JuSjhsYmhwSGI4WjFKN1VTZE5JamZmOTlLalhfR1l6Vm1tZWItSDIyaE5TeHRPdnZYdGw0dXRhVGNrUHZlT1ZmeDBBZ2ZYYw?oc=5\" target=\"_blank\" rel=\"nofollow noopener\">Qui voir ce soir sur le tapis bleu du FFA? Suivez la 4e journ\u00e9e en direct<\/a>&nbsp;&nbsp;Charente Libre<\/li>\n<li><a href=\"https:\/\/news.google.com\/rss\/articles\/CBMi2gFBVV95cUxPRmVobTZuVjVtOGpWQ1VvZEhFN0xLREY4UTBLX19OZDNHcWM1Si0tcl8tRkFUbTdEbktiNHV1VnhDN2VRaDREc01QWTJINFYtSnNNd1E5Q0x2Ung5TjlnMVhGWXVIZUdzNFlaRm41SmFuOVRZOEYtZHRaRHBBdlBXUng4dGVuZnFMdWZyMkxoOUUyX09HZEJwRVd3b0trM3NVQkVDbDgxdmZXZDRHVERyNGJxcld3T05Ya191UndFUXpjRDhvMXFSTUVrblRxNTJNVk5MV0Q2aWE1Zw?oc=5\" target=\"_blank\" rel=\"nofollow noopener\">Festival d\u2019Angoul\u00eame : dans les coulisses des soir\u00e9es entre piscine, cin\u00e9ma, musique et r\u00e9seaux<\/a>&nbsp;&nbsp;Charente Libre<\/li>\n<li><a href=\"https:\/\/news.google.com\/rss\/articles\/CBMiugFBVV95cUxPTVQySjJhVE1JV0twdzd1NDAtYWt5eTZIQUEteTkyVDNTUkVaSF94U0NXbnFvRkQ4MmUzNkl5OTNhcXdfc0hiT1k4WjUyRmxINGwwQmlHTmlTVkpnR3F1U29RR3RKMHVjZm1GanZ6MUVaZlpmYVJhaUNFMDVsZmJ1anNUWXdYaC1DckJiY1RZNW44S2U0cDZ3QTc4TTZ1ZXV5dnAtS3gtRXkzNGl3R0ZlU3FRTWJ3bDNxMGc?oc=5\" target=\"_blank\" rel=\"nofollow noopener\">Kev Adams, Isabelle Carr\u00e9, C\u00e9cile de France&#8230; Des stars sous le soleil d&rsquo;Angoul\u00eame<\/a>&nbsp;&nbsp;parismatch.com<\/li>\n<li><a href=\"https:\/\/news.google.com\/rss\/articles\/CBMi7wFBVV95cUxQMkwwVnBPNXdDRk1IVlBqYksxMVEtNzFzcUdxWHlJRjVyX3ZoeWptSFA1UExocnppQ1JWUlAySUF6a0dmbFV5QUl0eUFqaWhORWEtYWR3Q3JEeHU3Q0wtQXFUajk1R2ExMmNrcHBIR1JWdVpZUllkQ1hlazNtTjBnSzhwNjVVMGVJYzBRQjZZd0IwTi15UkgzdV8zZWRtTVpaNFQzNm5HSV9FOEttdXBjekYzZTRreDNHYlpubk5UM1V2S1AyOFJGcW5jLWZlUHpfTU9qU0dhWFFVZ24yVjhqMUVXaTl3dExpQWh3WF8xbw?oc=5\" target=\"_blank\" rel=\"nofollow noopener\">EN IMAGES. Julie Gayet, Isabelle Carr\u00e9 et Iz\u00efa Higelin sur le tapis bleu d\u2019Angoul\u00eame<\/a>&nbsp;&nbsp;Sud Ouest<\/li>\n<li><a href=\"https:\/\/news.google.com\/rss\/articles\/CBMigwFBVV95cUxPTUhNdHdZNkVJM3I0ckp3R01TaTVrNW9TNU5QUktqYWkxY0w0a3EzYmVFWFNLenJkNTVmMWM5ZlpNREdXQ1I4Z1JoNFd5Y1hoSlFFbmRwMWJBMnFBendMUTdZM1JLTlpBU2NqVUdwLVhxQVhTdDlzM3pIYVltcWFXcldsWQ?oc=5\" target=\"_blank\" rel=\"nofollow noopener\">Camille Cottin, radieuse face \u00e0 Laura Smet au Festival du film d\u2019Angoul\u00eame<\/a>&nbsp;&nbsp;Yahoo Life France<\/li>\n<\/ol>\n","protected":false},"excerpt":{"rendered":"Qui voir ce soir sur le tapis bleu du FFA? Suivez la 4e journ\u00e9e en direct&nbsp;&nbsp;Charente Libre Festival&hellip;\n","protected":false},"author":2,"featured_media":350315,"comment_status":"","ping_status":"","sticky":false,"template":"","format":"standard","meta":{"footnotes":""},"categories":[8],"tags":[58,59,1011,27],"class_list":{"0":"post-350314","1":"post","2":"type-post","3":"status-publish","4":"format-standard","5":"has-post-thumbnail","7":"category-divertissement","8":"tag-divertissement","9":"tag-entertainment","10":"tag-fr","11":"tag-france"},"share_on_mastodon":{"url":"https:\/\/pubeurope.com\/@fr\/115107405768395979","error":""},"_links":{"self":[{"href":"https:\/\/www.europesays.com\/fr\/wp-json\/wp\/v2\/posts\/350314","targetHints":{"allow":["GET"]}}],"collection":[{"href":"https:\/\/www.europesays.com\/fr\/wp-json\/wp\/v2\/posts"}],"about":[{"href":"https:\/\/www.europesays.com\/fr\/wp-json\/wp\/v2\/types\/post"}],"author":[{"embeddable":true,"href":"https:\/\/www.europesays.com\/fr\/wp-json\/wp\/v2\/users\/2"}],"replies":[{"embeddable":true,"href":"https:\/\/www.europesays.com\/fr\/wp-json\/wp\/v2\/comments?post=350314"}],"version-history":[{"count":0,"href":"https:\/\/www.europesays.com\/fr\/wp-json\/wp\/v2\/posts\/350314\/revisions"}],"wp:featuredmedia":[{"embeddable":true,"href":"https:\/\/www.europesays.com\/fr\/wp-json\/wp\/v2\/media\/350315"}],"wp:attachment":[{"href":"https:\/\/www.europesays.com\/fr\/wp-json\/wp\/v2\/media?parent=350314"}],"wp:term":[{"taxonomy":"category","embeddable":true,"href":"https:\/\/www.europesays.com\/fr\/wp-json\/wp\/v2\/categories?post=350314"},{"taxonomy":"post_tag","embeddable":true,"href":"https:\/\/www.europesays.com\/fr\/wp-json\/wp\/v2\/tags?post=350314"}],"curies":[{"name":"wp","href":"https:\/\/api.w.org\/{rel}","templated":true}]}}