{"id":350319,"date":"2025-08-28T16:54:10","date_gmt":"2025-08-28T16:54:10","guid":{"rendered":"https:\/\/www.europesays.com\/fr\/350319\/"},"modified":"2025-08-28T16:54:10","modified_gmt":"2025-08-28T16:54:10","slug":"on-na-vole-personne-les-boomers-repondent-a-francois-bayrou-qui-les-accuse-davoir-creuse-la-dette","status":"publish","type":"post","link":"https:\/\/www.europesays.com\/fr\/350319\/","title":{"rendered":"\u00ab\u00a0On n\u2019a vol\u00e9 personne\u00a0\u00bb&#8230; Les boomers r\u00e9pondent \u00e0 Fran\u00e7ois Bayrou qui les accuse d\u2019avoir creus\u00e9 la dette"},"content":{"rendered":"<p>Menac\u00e9 d\u2019\u00eatre chass\u00e9 de Matignon apr\u00e8s un <a href=\"https:\/\/www.20minutes.fr\/politique\/assemblee_nationale\/4169497-20250825-budget-2026-vote-confiance-8-septembre-pari-risque-bayrou\" class=\"c-link c-link--is-underlined\" target=\"_blank\" rel=\"noopener\">vote de confiance <\/a>sur son gouvernement, le 8\u00a0septembre, Fran\u00e7ois Bayrou a d\u00e9plor\u00e9 mercredi le \u00ab\u00a0confort des boomers\u00a0\u00bb face \u00e0 l\u2019inaction de \u00ab\u00a0certains partis politiques\u00a0\u00bb devant la dette publique fran\u00e7aise. Sur la sellette, le gouvernement souhaite r\u00e9aliser <a href=\"https:\/\/www.20minutes.fr\/politique\/4169959-20250828-budget-2026-ministre-economie-eric-lombard-convaincu-voter-texte-delais\" class=\"c-link c-link--is-underlined\" target=\"_blank\" rel=\"noopener\">44\u00a0milliards d\u2019euros<\/a> d\u2019\u00e9conomie dans le budget 2026.<\/p>\n<\/p>\n<p>Invit\u00e9 du JT de TF1, le <a href=\"https:\/\/www.20minutes.fr\/dossier\/premier_ministre\" class=\"c-link c-link--is-underlined\" target=\"_blank\" rel=\"noopener\">Premier ministre<\/a> a estim\u00e9, mercredi soir, que \u00ab\u00a0les premi\u00e8res victimes\u00a0\u00bb du <a href=\"https:\/\/www.20minutes.fr\/economie\/4160526-20250626-finances-publiques-etat-doit-absolument-economiser-5-milliards-euros-supplementaires-alerte-bercy\" class=\"c-link c-link--is-underlined\" target=\"_blank\" rel=\"noopener\">d\u00e9rapage des finances publiques<\/a>, \u00ab\u00a0ce seront les plus jeunes des Fran\u00e7ais, qui devront payer la dette pendant toute leur vie\u00a0\u00bb. Et \u00e7a, insiste le Premier ministre, c\u2019est pour \u00ab\u00a0le confort des boomers, qui [\u2026] consid\u00e8rent que tout va tr\u00e8s bien\u00a0\u00bb.<\/p>\n<p>\u00ab\u00a0Vous connaissez les conditions de vie qu\u2019on avait\u00a0?\u00a0\u00bb<\/p>\n<p>Une petite phrase qui a, rarement, engendr\u00e9 autant de r\u00e9actions dans l\u2019appel \u00e0 t\u00e9moignages lanc\u00e9 par 20 Minutes jeudi matin. Pas moins de 416 contributions \u00e9taient enregistr\u00e9es en ce milieu d\u2019apr\u00e8s-midi.<\/p>\n<p>En triant les t\u00e9moignages, parfois les indignations, trois grandes th\u00e9matiques se dessinent. Celle, tout d\u2019abord, de l\u2019ignorance, voire du refus, par le Premier ministre, de reconna\u00eetre les sacrifices de la g\u00e9n\u00e9ration du \u00ab\u00a0baby-boom\u00a0\u00bb, n\u00e9s entre\u00a01946 et\u00a01964.<\/p>\n<p>\u00ab\u00a0Les boomers avaient trois semaines de cong\u00e9s pay\u00e9s et (travaillaient) 48 heures par semaine. Ils cotisaient, ils n\u2019ont vol\u00e9 personne\u00a0\u00bb, r\u00e9sume Didier. \u00ab\u00a0Vous connaissez les conditions de vie qu\u2019on avait\u00a0? interroge Aline. Avec un handicap \u00e0 80\u00a0%, j\u2019ai cotis\u00e9 36 ans, et on ne m\u2019a pas fait de cadeau\u00a0\u00bb. Selon de nombreux internautes, la g\u00e9n\u00e9ration du \u00ab\u00a0baby-boom\u00a0\u00bb n\u2019a pas \u00e0 essuyer les reproches du Premier ministre. Ils estiment avoir fait leur part\u00a0: ils ont parfois commenc\u00e9 leur vie professionnelle tr\u00e8s jeune, \u00e0 14 ans pour Jean et G\u00e9rard, et n\u2019ont pas, ou tr\u00e8s peu re\u00e7u d\u2019aide publique. \u00ab\u00a0Les boomers sont une cible facile, d\u00e9cr\u00e8te Erick, puisqu\u2019ils ne peuvent pas bloquer le pays, contrairement \u00e0 la SNCF et autres affili\u00e9s\u00a0\u00bb.<\/p>\n<p>\u00ab\u00a0La gouvernance \u00e0 la fran\u00e7aise est obsol\u00e8te\u00a0\u00bb<\/p>\n<p>Ensuite, de nombreux t\u00e9moignages d\u2019internautes jugent la conduite de la France depuis des d\u00e9cennies, et \u00e9valuent la responsabilit\u00e9 du personnel politique dans la crise du pays. \u00ab\u00a0C\u2019est les politiques qui ont mal g\u00e9r\u00e9 l\u2019argent public pendant des d\u00e9cennies et qui ont mis la France en faillite\u00a0\u00bb, estime Nicole. \u00ab\u00a0La gouvernance \u00e0 la fran\u00e7aise est obsol\u00e8te, surann\u00e9e, inefficace et contreproductive, parce que d\u2019un autre temps\u00a0\u00bb, abonde Juan Antonio.<\/p>\n<p>\u00ab\u00a0La politique de l\u2019offre des gouvernements successifs a fait perdre l\u2019argent des Fran\u00e7ais\u00a0\u00bb, rench\u00e9rit Christian, qui d\u00e9plore par ailleurs les d\u00e9localisations d\u2019entreprises \u00ab\u00a0pour accro\u00eetre les dividendes des actionnaires, et diminuer la croissance et les rentr\u00e9es fiscales\u00a0\u00bb.<\/p>\n<p>La personne du Premier ministre est enfin vis\u00e9e par de nombreuses critiques. \u00ab\u00a0Monsieur Bayrou devrait humblement prendre sa part sur la responsabilit\u00e9 de la dette, lui qui avait en son temps refus\u00e9 la diminution du nombre de fonctionnaires propos\u00e9 par Nicolas Sarkozy\u00a0\u00bb, \u00e9crit Patrice.<\/p>\n<p>\u00ab\u00a0L\u2019\u00e9go\u00efsme ambiant dresse les g\u00e9n\u00e9rations les unes contre les autres\u00a0\u00bb<\/p>\n<p>Le conflit entre les \u00ab\u00a0baby boomers\u00a0\u00bb et les plus jeunes sera-t-il amplifi\u00e9 par les d\u00e9clarations de Fran\u00e7ois Bayrou\u00a0? Plusieurs r\u00e9pondants \u00e0 notre appel tranchent\u00a0: \u00ab\u00a0Mis \u00e0 part les boomers de bas revenu, qui ne repr\u00e9sentent qu\u2019une petite partie, le reste de cette tranche d\u2019\u00e2ge profite bien. Bayrou a raison\u00a0\u00bb, estime Marc.<\/p>\n<p><a href=\"https:\/\/www.20minutes.fr\/economie\/budget\/\" class=\"c-link c-btn c-btn--primary\" target=\"_blank\" rel=\"noopener\">Tous nos articles sur le budget<\/a><\/p>\n<p>\u00ab\u00a0Quand on a vot\u00e9 pour la retraite \u00e0 60 ans et les 35 heures, on a une part de responsabilit\u00e9 dans la dette un peu plus importante qu\u2019un jeune de 30 ans\u00a0\u00bb, ajoute Jules, pour qui \u00ab\u00a0le conflit interg\u00e9n\u00e9rationnel monte, et les perdants seront les jeunes et les plus pauvres\u00a0\u00bb.<\/p>\n<p>\u00ab\u00a0J\u2019ai 62 ans, et je suis un boomer encore actif, \u00e9crit V\u00e9ronique. Je d\u00e9plore cette nouvelle tentative de fragmentation de l\u2019opinion en opposant les seniors et les jeunes\u00a0\u00bb. Quant \u00e0 Marielle, elle \u00ab\u00a0regrette profond\u00e9ment que l\u2019\u00e9go\u00efsme ambiant dresse les g\u00e9n\u00e9rations les unes contre les autres \u00e0 l\u2019heure o\u00f9 la solidarit\u00e9 devrait r\u00e9gner\u00a0\u00bb. \u00ab\u00a0Monsieur Bayrou, ne vous trompez pas de cible, avertit David. Et n\u2019essayez pas de diviser un peu plus les Fran\u00e7ais, la fracture est d\u00e9j\u00e0 suffisamment install\u00e9e. Vous qui parlez r\u00e9guli\u00e8rement de coh\u00e9sion, il va falloir nous en expliquer votre vision\u00a0\u00bb.<\/p>\n","protected":false},"excerpt":{"rendered":"Menac\u00e9 d\u2019\u00eatre chass\u00e9 de Matignon apr\u00e8s un vote de confiance sur son gouvernement, le 8\u00a0septembre, Fran\u00e7ois Bayrou a&hellip;\n","protected":false},"author":2,"featured_media":350320,"comment_status":"","ping_status":"","sticky":false,"template":"","format":"standard","meta":{"footnotes":""},"categories":[4],"tags":[47,11,1261,1003,34444,11948,6327,33,1011,3844,27,431,4074,4075,12,3363,25,137,12361,104,48662,48661],"class_list":{"0":"post-350319","1":"post","2":"type-post","3":"status-publish","4":"format-standard","5":"has-post-thumbnail","7":"category-france","8":"tag-actualite","9":"tag-actualites","10":"tag-argent","11":"tag-budget","12":"tag-crise-de-la-dette","13":"tag-crise-economique","14":"tag-dette","15":"tag-economie","16":"tag-fr","17":"tag-francais","18":"tag-france","19":"tag-francois-bayrou","20":"tag-jeunes","21":"tag-jeunesse","22":"tag-news","23":"tag-premier-ministre","24":"tag-republique-francaise","25":"tag-retraite","26":"tag-senior","27":"tag-societe","28":"tag-votre-avis","29":"tag-votre-vie"},"share_on_mastodon":{"url":"https:\/\/pubeurope.com\/@fr\/115107441137708361","error":""},"_links":{"self":[{"href":"https:\/\/www.europesays.com\/fr\/wp-json\/wp\/v2\/posts\/350319","targetHints":{"allow":["GET"]}}],"collection":[{"href":"https:\/\/www.europesays.com\/fr\/wp-json\/wp\/v2\/posts"}],"about":[{"href":"https:\/\/www.europesays.com\/fr\/wp-json\/wp\/v2\/types\/post"}],"author":[{"embeddable":true,"href":"https:\/\/www.europesays.com\/fr\/wp-json\/wp\/v2\/users\/2"}],"replies":[{"embeddable":true,"href":"https:\/\/www.europesays.com\/fr\/wp-json\/wp\/v2\/comments?post=350319"}],"version-history":[{"count":0,"href":"https:\/\/www.europesays.com\/fr\/wp-json\/wp\/v2\/posts\/350319\/revisions"}],"wp:featuredmedia":[{"embeddable":true,"href":"https:\/\/www.europesays.com\/fr\/wp-json\/wp\/v2\/media\/350320"}],"wp:attachment":[{"href":"https:\/\/www.europesays.com\/fr\/wp-json\/wp\/v2\/media?parent=350319"}],"wp:term":[{"taxonomy":"category","embeddable":true,"href":"https:\/\/www.europesays.com\/fr\/wp-json\/wp\/v2\/categories?post=350319"},{"taxonomy":"post_tag","embeddable":true,"href":"https:\/\/www.europesays.com\/fr\/wp-json\/wp\/v2\/tags?post=350319"}],"curies":[{"name":"wp","href":"https:\/\/api.w.org\/{rel}","templated":true}]}}