{"id":350323,"date":"2025-08-28T16:56:14","date_gmt":"2025-08-28T16:56:14","guid":{"rendered":"https:\/\/www.europesays.com\/fr\/350323\/"},"modified":"2025-08-28T16:56:14","modified_gmt":"2025-08-28T16:56:14","slug":"verney-carron-une-entreprise-qui-a-su-se-reinventer","status":"publish","type":"post","link":"https:\/\/www.europesays.com\/fr\/350323\/","title":{"rendered":"\u00ab\u00a0Verney-Carron une entreprise qui a su se r\u00e9inventer\u00a0\u00bb"},"content":{"rendered":"<p>\u00ab\u00a0Un ministre qui passe par Saint-Etienne, cela faisait un moment que l\u2019on n\u2019avait pas vu \u00e7a\u00a0\u00bb, s\u2019amusaient un certain nombre d\u2019\u00e9lus pr\u00e9sents lors de la visite de Marc Ferracci, ministre charg\u00e9 de l\u2019Industrie et de l\u2019\u00c9nergie, au sein de l\u2019entreprise Verney-Carron \u00e0 Saint-Etienne.<\/p>\n<p>Une fois cette boutade faite, et le salut r\u00e9publicain du ministre aux \u00e9lus termin\u00e9, Arnaud Van Robais, le pr\u00e9sident du groupe Rivolier, passait directement \u00e0 la pr\u00e9sentation du groupe et \u00e0 la reprise des activit\u00e9s de Verney-Carron.<\/p>\n<p>  \u00ab\u00a0Verney-Carron est une institution en France\u00a0\u00bb<\/p>\n<p><a href=\"https:\/\/www.leprogres.fr\/economie\/2025\/06\/04\/fin-du-suspense-pour-verney-carron-le-ligerien-rivolier-reprend-l-entreprise\" target=\"_blank\" rel=\"nofollow noopener\">En effet, le 4\u00a0juin dernier, le tribunal de commerce tranchait<\/a> dans les diff\u00e9rentes offres de reprise de la soci\u00e9t\u00e9 Verney-Carron d\u00e9faillante. \u00ab\u00a0Apr\u00e8s une rude bataille nous avons devanc\u00e9 le Belge FN Browning\u00a0\u00bb disait le dirigeant. \u00ab\u00a0C\u2019est une grande fiert\u00e9 pour nous. Verney-Carron est une institution en France. Nous reprenons toute sa production et d\u00e9velopperons des d\u00e9riv\u00e9s pour cr\u00e9er un univers\u00a0\u00bb, pr\u00e9cisait le pr\u00e9sident.<\/p>\n<p>Arnaud Van Robais rappelait\u00a0: \u00ab\u00a0Nous sommes le dernier fabricant d\u2019armes fran\u00e7ais. Avec la cr\u00e9ation de la Nouvelle manufacture Verney-Carron, nous avons repris 55 salari\u00e9s sur 67. Aujourd\u2019hui nous avons une capacit\u00e9 de 7\u00a0000\u00a0\u00e0 10\u00a0000 armes par an \u00e0 Saint-Etienne. Pour l\u2019instant nous n\u2019en produisons que 3\u00a0000. Il faut remettre les choses en route. La reprise a \u00e9t\u00e9 longue et l\u2019entreprise a perdu son \u00e9lan\u00a0\u00bb.<\/p>\n<p>  Rivolier, un chiffre d\u2019affaires de 130\u00a0millions d\u2019euros<\/p>\n<p>Verney-Carron affichait une dette importante. \u00ab\u00a0Certains partenaires croient en notre projet et nous suivent\u00a0\u00bb ajoutait-il. \u00ab\u00a0D\u2019autres, et je peux le comprendre, ne veulent pas\u00a0\u00bb. Petite anecdote\u00a0: \u00ab\u00a0Le banc national d\u2019\u00e9preuves des armes de Saint-Etienne, g\u00e9r\u00e9 par la Chambre de commerce et d\u2019industrie Lyon M\u00e9tropole Saint-\u00c9tienne Roanne, a refus\u00e9 de contr\u00f4ler nos armes\u00a0\u00bb. Ir\u00e8ne Breuil, pr\u00e9sidente de la CCI, expliquait\u00a0: \u00ab\u00a0Un simple contretemps qui n\u2019a pas dur\u00e9 et qui, effectivement, \u00e9tait d\u00fb \u00e0 un probl\u00e8me financier, la dette de l\u2019entreprise\u00a0\u00bb.<\/p>\n<p>Le ministre faisait ensuite le tour des ateliers de fabrication des \u00ab\u00a0armes de chasse, de d\u00e9fense et de s\u00e9curit\u00e9, de tir sportif\u2026 Le groupe Rivolier compte 351 collaborateurs, dont 138 dans la Loire (dont 11 apprentis) et 158 dans la r\u00e9gion Auvergne-Rh\u00f4ne-Alpes (Haute-Loire, Rh\u00f4ne, Ain et Is\u00e8re). Il est install\u00e9 sur neuf sites en France et deux \u00e0 l\u2019international (\u00c9tats-Unis et Allemagne) et affiche un chiffre d\u2019affaires de 130\u00a0millions d\u2019euros.<\/p>\n<p>  \u00ab\u00a0L\u2019entreprise incarne le rebond industriel\u00a0\u00bb<\/p>\n<p>Les responsables de l\u2019entreprise insistaient sur leur \u00ab\u00a0besoin d\u2019alternants au sein de l\u2019entreprise. Nous en avons trois \u00e0 quatre par an. Nous avons la chance de compter sur une \u00e9cole d\u2019armurerie \u00e0 Saint-Etienne, le reste des salari\u00e9s sont form\u00e9s en interne\u00a0\u00bb. Le maire de Saint-Etienne interpellait alors le ministre\u00a0: \u00ab\u00a0Une \u00e9cole qui souhaite augmenter ses effectifs. Elle a les locaux pour et les entreprises sont demandeuses. On attend juste les autorisations minist\u00e9rielles\u00a0\u00bb.<\/p>\n<p>La marque Verney-Carron collection propose des armes, pi\u00e8ces uniques, fabriqu\u00e9es \u00e0 la main et sur-mesure pour l\u2019acqu\u00e9reur. \u00ab\u00a0Des pi\u00e8ces sur lequel l\u2019artisan travaille pr\u00e8s d\u2019un an et qui se vendent entre 15\u00a0000\u00a0\u00e0 20\u00a0000 euros\u00a0\u00bb. Marc Ferracci saluait \u00ab\u00a0cette entreprise exemplaire par sa long\u00e9vit\u00e9 (elle est centenaire), par son savoir-faire. Une entreprise qui a su se r\u00e9inventer. Elle incarne le rebond industriel\u00a0\u00bb.<\/p>\n<p>  \u00ab\u00a0La fabrication d\u2019arme devient une n\u00e9cessit\u00e9\u00a0\u00bb<\/p>\n<p>Est-ce que l\u2019\u00c9tat va passer des commandes \u00e0 cette entreprise\u00a0? Le ministre enveloppe son discours\u00a0: \u00ab\u00a0L\u2019\u00c9tat est toujours aux c\u00f4t\u00e9s des entreprises qui innovent. Nos forces de l\u2019ordre, mais aussi les polices municipales via les collectivit\u00e9s, ont besoin de s\u2019\u00e9quiper. Il existe aussi un march\u00e9 priv\u00e9. Il faut aller dans cette diversit\u00e9 des cibles\u00a0\u00bb.<\/p>\n<p>Et de conclure\u00a0: \u00ab\u00a0Dans le contexte g\u00e9opolitique actuel, la lucidit\u00e9 face \u00e0 cette r\u00e9alit\u00e9 est que la fabrication d\u2019arme devient une n\u00e9cessit\u00e9. L\u2019\u00c9tat s\u2019est engag\u00e9 dans cette voie avec la loi de programmation militaire\u00a0\u00bb.<\/p>\n","protected":false},"excerpt":{"rendered":"\u00ab\u00a0Un ministre qui passe par Saint-Etienne, cela faisait un moment que l\u2019on n\u2019avait pas vu \u00e7a\u00a0\u00bb, s\u2019amusaient un&hellip;\n","protected":false},"author":2,"featured_media":350324,"comment_status":"","ping_status":"","sticky":false,"template":"","format":"standard","meta":{"footnotes":""},"categories":[9653],"tags":[1111,11,2430,33,7539,1777,674,1011,27,693,3367,12,316,25,4001,7538],"class_list":{"0":"post-350323","1":"post","2":"type-post","3":"status-publish","4":"format-standard","5":"has-post-thumbnail","7":"category-saint-etienne","8":"tag-actu","9":"tag-actualites","10":"tag-auvergne-rhone-alpes","11":"tag-economie","12":"tag-edition-loire-sud","13":"tag-eu","14":"tag-europe","15":"tag-fr","16":"tag-france","17":"tag-industrie","18":"tag-loire","19":"tag-news","20":"tag-politique","21":"tag-republique-francaise","22":"tag-saint-etienne","23":"tag-saint-etienne-ville"},"share_on_mastodon":{"url":"https:\/\/pubeurope.com\/@fr\/115107449049587382","error":""},"_links":{"self":[{"href":"https:\/\/www.europesays.com\/fr\/wp-json\/wp\/v2\/posts\/350323","targetHints":{"allow":["GET"]}}],"collection":[{"href":"https:\/\/www.europesays.com\/fr\/wp-json\/wp\/v2\/posts"}],"about":[{"href":"https:\/\/www.europesays.com\/fr\/wp-json\/wp\/v2\/types\/post"}],"author":[{"embeddable":true,"href":"https:\/\/www.europesays.com\/fr\/wp-json\/wp\/v2\/users\/2"}],"replies":[{"embeddable":true,"href":"https:\/\/www.europesays.com\/fr\/wp-json\/wp\/v2\/comments?post=350323"}],"version-history":[{"count":0,"href":"https:\/\/www.europesays.com\/fr\/wp-json\/wp\/v2\/posts\/350323\/revisions"}],"wp:featuredmedia":[{"embeddable":true,"href":"https:\/\/www.europesays.com\/fr\/wp-json\/wp\/v2\/media\/350324"}],"wp:attachment":[{"href":"https:\/\/www.europesays.com\/fr\/wp-json\/wp\/v2\/media?parent=350323"}],"wp:term":[{"taxonomy":"category","embeddable":true,"href":"https:\/\/www.europesays.com\/fr\/wp-json\/wp\/v2\/categories?post=350323"},{"taxonomy":"post_tag","embeddable":true,"href":"https:\/\/www.europesays.com\/fr\/wp-json\/wp\/v2\/tags?post=350323"}],"curies":[{"name":"wp","href":"https:\/\/api.w.org\/{rel}","templated":true}]}}