{"id":350325,"date":"2025-08-28T16:57:10","date_gmt":"2025-08-28T16:57:10","guid":{"rendered":"https:\/\/www.europesays.com\/fr\/350325\/"},"modified":"2025-08-28T16:57:10","modified_gmt":"2025-08-28T16:57:10","slug":"saint-etienne-metropole-bus-et-trolleys-ecolos-billettique-ce-quil-faut-savoir-sur-les-nouveautes-de-la-stas","status":"publish","type":"post","link":"https:\/\/www.europesays.com\/fr\/350325\/","title":{"rendered":"Saint-Etienne M\u00e9tropole. Bus et trolleys \u00e9colos, billettique\u2026\u00a0Ce qu\u2019il faut savoir sur les nouveaut\u00e9s de la Stas"},"content":{"rendered":"<p>\u00ab\u00a0Une rentr\u00e9e historique. \u00bb Luc Fran\u00e7ois, vice-pr\u00e9sident en charge des transports et des mobilit\u00e9s \u00e0 Saint-Etienne M\u00e9tropole, n\u2019y est pas all\u00e9 par quatre chemins pour qualifier les nouveaut\u00e9s de la rentr\u00e9e 2025 pour le r\u00e9seau de transports en commun st\u00e9phanois.<\/p>\n<p>Nicolas Besset, directeur de la Stas, lui a embo\u00eet\u00e9 le pas, \u00e9voquant \u00ab\u00a0des chiffres in\u00e9dits dans l\u2019histoire de la Stas qui soulignent la politique d\u2019investissement importante\u00a0men\u00e9e depuis plusieurs ann\u00e9es\u00a0\u00bb.<\/p>\n<p>Les chiffres dont parle le patron de la Stas sont ceux de la fr\u00e9quentation qui devrait atteindre un record d\u2019ici la fin de cette ann\u00e9e avec 43\u00a0millions de voyageurs transport\u00e9s (contre 39\u00a0millions en 2019).<\/p>\n<p>\u00ab\u00a0C\u2019est du jamais vu\u00a0\u00bb, s\u2019\u00e9poumone Luc Fran\u00e7ois, lequel annonce une hausse de 15\u00a0% durant les deux derni\u00e8res ann\u00e9es. Tous les voyants sont au vert, avec la totalit\u00e9 des lignes qui enregistrent des taux de fr\u00e9quentation en augmentation.<\/p>\n<p>  22\u00a0millions d\u2019euros pour verdir le mat\u00e9riel roulant et ce n\u2019est que le d\u00e9but\u2026<\/p>\n<p>Une tendance qui devrait s\u2019amplifier dans les prochaines ann\u00e9es avec l\u2019arriv\u00e9e dans le parc de v\u00e9hicules de la Stas de nouveaux mod\u00e8les 100\u00a0% \u00e9lectriques et 100\u00a0% bio gaz. Ce renouvellement du parc, qui s\u2019inscrit dans une strat\u00e9gie globale de verdissement, franchit \u00ab\u00a0un cap d\u00e9cisif pour cette rentr\u00e9e 2025-2026\u00a0\u00bb, assure Luc Fran\u00e7ois.<\/p>\n<p>Et les chiffres donnent encore le tournis\u00a0: la M\u00e9tropole consacre une enveloppe financi\u00e8re de 22\u00a0millions d\u2019euros pour la fabrication de 39 nouveaux v\u00e9hicules. Huit trolleybus articul\u00e9s 100\u00a0% \u00e9lectriques et 31 nouveaux bus\u00a0100\u00a0% bio gaz, \u00e9quip\u00e9s tout confort\u00a0et des derni\u00e8res technologies dont la r\u00e9trovision et d\u00e9tection des angles morts, seront bient\u00f4t op\u00e9rationnels sur le r\u00e9seau de la Stas.\u00a0Ils circuleront notamment sur les lignes M2, 5 et 6.<\/p>\n<p>La mise en route de ces bus derni\u00e8re g\u00e9n\u00e9ration s\u2019accompagne d\u2019une s\u00e9rie d\u2019am\u00e9nagements sur le territoire. \u00c0 titre d\u2019exemple, le trolleybus articul\u00e9 (qui fera son retour\u00a0sur le r\u00e9seau vingt ans apr\u00e8s l\u2019avoir quitt\u00e9), bient\u00f4t en service, va se d\u00e9ployer sur 18 m\u00e8tres de long, ce qui n\u00e9cessite une reconfiguration des quais. La transformation \u00e9cologique de la flotte (pr\u00e8s de 140 bus et plus de 40 tramways) de la Stas va monter en puissance jusqu\u2019en 2032, ann\u00e9e o\u00f9 100\u00a0% du mat\u00e9riel roulant sera d\u00e9carbon\u00e9. \u00ab\u00a0Et ce d\u00e9fi sera tenu\u00a0\u00bb, avertit Luc Fran\u00e7ois.<\/p>\n<p>  Nouvelle billettique\u00a0: d\u00e9j\u00e0 plus d\u2019un million de validations et \u00e0 peine 100 r\u00e9clamations<\/p>\n<p>Le vice-pr\u00e9sident en charge des transports est revenu sur le d\u00e9ploiement de la nouvelle billettique, mis en place fin juin\u00a02025, sur tout le r\u00e9seau. \u00ab\u00a0Ce nouveau geste a \u00e9t\u00e9 vite adopt\u00e9 par les voyageurs qui peuvent valider leur trajet avec une carte bancaire, une carte O\u00f9ra ou un ticket QR code, sur un m\u00eame valideur unique\u00a0\u00bb, d\u00e9taille-t-il.<\/p>\n<p>Ce dernier est conscient que <a href=\"https:\/\/www.leprogres.fr\/transport\/2025\/08\/23\/ce-nouveau-systeme-n-a-rien-de-pratique-les-voyageurs-pas-convaincus-par-les-tickets-qr-code-de-la-stas\" target=\"_blank\" rel=\"noopener\">certains usagers\u00a0ont pu rencontrer quelques difficult\u00e9s dans l\u2019utilisation de la nouvelle billettique<\/a> \u00a0: \u00ab\u00a0Ils posent leur QR code sur le valideur alors qu\u2019il suffit de le tendre sous l\u2019appareil. C\u2019est une nouvelle habitude \u00e0 prendre. Des agents sont sur le terrain pour expliquer les nouveaux gestes et faciliter l\u2019adoption du syst\u00e8me aux usagers\u00a0\u00bb, soutient l\u2019\u00e9lu.<\/p>\n<p>Nicolas Besset\u00a0confirme\u00a0: \u00ab\u00a0On a d\u00e9pass\u00e9 la barre du million de validations, plus de 20\u00a0000 titres ont \u00e9t\u00e9 \u00e9chang\u00e9s et on a recens\u00e9 un peu moins de cent r\u00e9clamations des usagers, ce qui constitue un chiffre mineur.\u00a0\u00bb<\/p>\n<p>Et de rassurer\u00a0: \u00ab\u00a0Les anciens titres papiers restent validables sur les anciens valideurs dans les tramways jusqu\u2019\u00e0 la fin de l\u2019ann\u00e9e.\u00a0\u00bb<\/p>\n<p>  Le prix des abonnements reste stable pour la troisi\u00e8me ann\u00e9e<\/p>\n<p>Dans cette logique de d\u00e9mat\u00e9rialisation compl\u00e8te, Luc Fran\u00e7ois d\u00e9clare que la carte O\u00f9ra sera int\u00e9gr\u00e9e \u00e0 l\u2019application Moovizy d\u2019ici l\u2019ann\u00e9e 2026. \u00ab\u00a0Cette \u00e9volution permettra aux usagers de g\u00e9rer leurs titres, abonnements et itin\u00e9raires depuis leur smartphone. On sera la premi\u00e8re m\u00e9tropole de France \u00e0 l\u2019avoir fait.\u00a0\u00bb<\/p>\n<p>Bonne nouvelle pour les voyageurs, le prix des abonnements de la Stas, contrairement \u00e0 la plupart d\u2019autres grandes villes, reste le m\u00eame pour la troisi\u00e8me ann\u00e9e cons\u00e9cutive. \u00ab\u00a0C\u2019est un effort cons\u00e9quent de la M\u00e9tropole, souligne\u00a0Luc Fran\u00e7ois. C\u2019est un choix politique de proposer un abonnement \u00e0 un tarif solidaire (10\u00a0euros par mois notamment pour les moins de 26 ans et les retrait\u00e9s de plus de 60 ans) qui reste le plus bas de France.\u00a0\u00bb<\/p>\n<p>  Extension de nouvelles dessertes dans l\u2019Ondaine et le Forez<\/p>\n<p>Comme chaque rentr\u00e9e, la Stas revoit ses dessertes pour coller au plus pr\u00e8s des attentes des usagers. \u00ab\u00a0Cette ann\u00e9e, pas de suppression, ni de cr\u00e9ation, mais deux extensions de ligne\u00a0\u00bb, signale Luc Fran\u00e7ois.<\/p>\n<p>La premi\u00e8re concerne la ligne 34 dans l\u2019Ondaine, o\u00f9 un transport \u00e0 la demande (TAD) sera op\u00e9rationnel jusqu\u2019\u00e0 Saint-Paul-en-Cornillon. La seconde affecte la ligne 39 dans la plaine du Forez.\u00a0D\u00e8s le 25\u00a0ao\u00fbt, cette derni\u00e8re verra son itin\u00e9raire prolong\u00e9 jusqu\u2019\u00e0 Chamb\u0153uf et Saint-Galmier, ce qui facilitera l\u2019acc\u00e8s aux coll\u00e8ges Sainte-St\u00e9phanie et Jules Romain ainsi qu\u2019aux \u00e9quipements du secteur Nautiform \u00e0 Andr\u00e9zieux-Bouth\u00e9on.<\/p>\n<p>  Un nouveau dispositif pour les personnes en situation de handicap<\/p>\n<p>Parmi les autres nouveaut\u00e9s, la Stas poursuit la transformation de son syst\u00e8me d\u2019information aupr\u00e8s des voyageurs\u00a0pour rendre les d\u00e9placements plus simples, plus lisibles (nouvelle signal\u00e9tique) et plus accessibles. Elle renforce son engagement aupr\u00e8s des personnes porteuses de handicap en lan\u00e7ant, d\u00e8s octobre, un nouveau programme \u00ab\u00a0L\u2019autonomie en commun\u00a0\u00bb.<\/p>\n<p>\u00ab\u00a0Un dispositif qui vise \u00e0 accompagner les personnes en situation de handicap vers une plus grande autonomie dans leurs d\u00e9placements \u00e0 travers des ateliers\u00a0\u00bb, d\u00e9voile Nicolas Besset.<\/p>\n","protected":false},"excerpt":{"rendered":"\u00ab\u00a0Une rentr\u00e9e historique. \u00bb Luc Fran\u00e7ois, vice-pr\u00e9sident en charge des transports et des mobilit\u00e9s \u00e0 Saint-Etienne M\u00e9tropole, n\u2019y&hellip;\n","protected":false},"author":2,"featured_media":350326,"comment_status":"","ping_status":"","sticky":false,"template":"","format":"standard","meta":{"footnotes":""},"categories":[9653],"tags":[1111,11,2430,3542,7539,1777,674,107,1011,27,3367,12,25,4001,7538,2803],"class_list":{"0":"post-350325","1":"post","2":"type-post","3":"status-publish","4":"format-standard","5":"has-post-thumbnail","7":"category-saint-etienne","8":"tag-actu","9":"tag-actualites","10":"tag-auvergne-rhone-alpes","11":"tag-circulation","12":"tag-edition-loire-sud","13":"tag-eu","14":"tag-europe","15":"tag-fil-info","16":"tag-fr","17":"tag-france","18":"tag-loire","19":"tag-news","20":"tag-republique-francaise","21":"tag-saint-etienne","22":"tag-saint-etienne-ville","23":"tag-transport"},"share_on_mastodon":{"url":"https:\/\/pubeurope.com\/@fr\/115107452955517363","error":""},"_links":{"self":[{"href":"https:\/\/www.europesays.com\/fr\/wp-json\/wp\/v2\/posts\/350325","targetHints":{"allow":["GET"]}}],"collection":[{"href":"https:\/\/www.europesays.com\/fr\/wp-json\/wp\/v2\/posts"}],"about":[{"href":"https:\/\/www.europesays.com\/fr\/wp-json\/wp\/v2\/types\/post"}],"author":[{"embeddable":true,"href":"https:\/\/www.europesays.com\/fr\/wp-json\/wp\/v2\/users\/2"}],"replies":[{"embeddable":true,"href":"https:\/\/www.europesays.com\/fr\/wp-json\/wp\/v2\/comments?post=350325"}],"version-history":[{"count":0,"href":"https:\/\/www.europesays.com\/fr\/wp-json\/wp\/v2\/posts\/350325\/revisions"}],"wp:featuredmedia":[{"embeddable":true,"href":"https:\/\/www.europesays.com\/fr\/wp-json\/wp\/v2\/media\/350326"}],"wp:attachment":[{"href":"https:\/\/www.europesays.com\/fr\/wp-json\/wp\/v2\/media?parent=350325"}],"wp:term":[{"taxonomy":"category","embeddable":true,"href":"https:\/\/www.europesays.com\/fr\/wp-json\/wp\/v2\/categories?post=350325"},{"taxonomy":"post_tag","embeddable":true,"href":"https:\/\/www.europesays.com\/fr\/wp-json\/wp\/v2\/tags?post=350325"}],"curies":[{"name":"wp","href":"https:\/\/api.w.org\/{rel}","templated":true}]}}