{"id":350333,"date":"2025-08-28T17:01:11","date_gmt":"2025-08-28T17:01:11","guid":{"rendered":"https:\/\/www.europesays.com\/fr\/350333\/"},"modified":"2025-08-28T17:01:11","modified_gmt":"2025-08-28T17:01:11","slug":"friedrich-merz-a-bregancon-et-toulon-pour-sceller-la-relance-du-couple-franco-allemand","status":"publish","type":"post","link":"https:\/\/www.europesays.com\/fr\/350333\/","title":{"rendered":"Friedrich Merz \u00e0 Br\u00e9gan\u00e7on et Toulon pour sceller la relance du couple franco-allemand"},"content":{"rendered":"<p><strong>D\u00c9CRYPTAGE &#8211;<\/strong> M\u00eame si la coop\u00e9ration sur l\u2019Ukraine se r\u00e9v\u00e8le exemplaire, les difficult\u00e9s du gouvernement Bayrou assombrissent les retrouvailles entre Paris et Berlin.<\/p>\n<p class=\"fig-paragraph\">Au lendemain de l\u2019attaque russe massive contre Kiev qui a fait 17\u00a0morts et endommag\u00e9 les b\u00e2timents de la repr\u00e9sentation diplomatique europ\u00e9enne, l\u2019unit\u00e9 franco-allemande a pr\u00e9valu. \u00ab\u00a0La Russie a de nouveau montr\u00e9 son vrai visage\u00a0\u00bb, a d\u00e9clar\u00e9\u00a0<a href=\"http:\/\/www.lefigaro.fr\/international\/face-a-la-menace-russe-l-allemagne-de-friedrich-merz-relance-la-conscription-a-petits-pas-20250827\" target=\"_blank\" data-fig-type=\"Article\" rel=\"noopener\" data-gtm-custom-categorie=\"navigation\" data-gtm-custom-action=\"crossclick\" data-gtm-custom-label=\"Contextuel\" data-gtm-event=\"customEventSPE\" data-fig-domain=\"LEFIGARO\">Friedrich Merz<\/a>\u00a0en condamnant les bombardements \u00ab\u00a0de la mani\u00e8re la plus ferme\u00a0\u00bb. Emmanuel Macron a d\u00e9nonc\u00e9\u00a0<a href=\"http:\/\/www.lefigaro.fr\/international\/guerre-en-ukraine-huit-morts-a-kiev-apres-des-frappes-russes-annonce-zelensky-20250828\" target=\"_blank\" data-fig-type=\"NewsFlash\" rel=\"noopener\" data-gtm-custom-categorie=\"navigation\" data-gtm-custom-action=\"crossclick\" data-gtm-custom-label=\"Contextuel\" data-gtm-event=\"customEventSPE\" data-fig-domain=\"LEFIGARO\">la \u00ab terreur et la barbarie\u00a0\u00bb<\/a> \u00a0exerc\u00e9es par le Kremlin. Cette harmonie est appel\u00e9e \u00e0 se confirmer vendredi \u00e0 Toulon, lors du premier Conseil des ministres bilat\u00e9ral de l\u2019\u00e8re Merz, consacr\u00e9 pour une large part aux questions s\u00e9curitaires.<\/p>\n<p class=\"fig-paragraph\">Signe de la coop\u00e9ration diplomatique sans faille qui s\u2019est instaur\u00e9e depuis son arriv\u00e9e au pouvoir, le 7\u00a0mai 2025, le chancelier conservateur a \u00e9t\u00e9 re\u00e7u jeudi soir au fort de Br\u00e9gan\u00e7on, la r\u00e9sidence estivale du pr\u00e9sident de la R\u00e9publique. Avant lui, seul Helmut Kohl avait eu droit \u00e0 cette faveur tandis qu\u2019<a href=\"http:\/\/www.lefigaro.fr\/vox\/societe\/un-chef-d-oeuvre-de-memoire-selective-le-livre-d-angela-merkel-un-anti-manuel-pour-l-europe-20250213\" target=\"_blank\" data-fig-type=\"Article\" rel=\"noopener\" data-gtm-custom-categorie=\"navigation\" data-gtm-custom-action=\"crossclick\" data-gtm-custom-label=\"Contextuel\" data-gtm-event=\"customEventSPE\" data-fig-domain=\"LEFIGARO\">Angela Merkel<\/a>\u00a0avait d\u00fb l\u2019attendre quinze ans. \u00ab\u00a0C\u2019est un honneur qui est fait, une marque d\u2019attention\u2026<\/p>\n<p class=\"fig-premium-paywall__infos\">\n        Cet article est r\u00e9serv\u00e9 aux abonn\u00e9s.        Il vous reste 76% \u00e0 d\u00e9couvrir.\n    <\/p>\n<p>                <img  data- alt=\"Le Figaro\" class=\"fig-img--complete fig-img\"\/><\/p>\n<p class=\"fig-premium-paywall__title\">Vente Flash<\/p>\n<p class=\"fig-premium-paywall__subtitle\">4,99\u20ac par mois pendant 12 mois. Sans engagement<\/p>\n<p class=\"fig-premium-paywall__connect\">\n                D\u00e9j\u00e0 abonn\u00e9\u00a0?                <a class=\"fig-premium-paywall__connect-link\" href=\"https:\/\/connect.lefigaro.fr\/login?client=horizon_web&amp;type=main&amp;redirect_uri=https%3A%2F%2Fwww.lefigaro.fr%2Finternational%2Ffriedrich-merz-a-bregancon-et-toulon-pour-sceller-la-relance-du-couple-franco-allemand-20250828\" data-js-gtm=\"{&quot;customCategorie&quot;: &quot;conversion&quot;, &quot;customAction&quot;: &quot;before_Landing_Connexion_paywall_auto&quot;, &quot;customLabel&quot;: &quot;bGVmaWdhcm8uZnJfXzFmMDg0MWQ1LTkzZDQtNjc1Yy1iNDI2LTg5MWZmNWJiMjkyOF9fQXJ0aWNsZQ==_Friedrich Merz \u00e0 Br\u00e9gan\u00e7on et Toulon pour sceller la relance du couple franco-allemand_401&quot;, &quot;customIDSPE&quot;: &quot;bGVmaWdhcm8uZnJfXzFmMDg0MWQ1LTkzZDQtNjc1Yy1iNDI2LTg5MWZmNWJiMjkyOF9fQXJ0aWNsZQ==&quot;, &quot;event&quot;: &quot;customEventSPE&quot;}\" target=\"_blank\" rel=\"noopener\"><br \/>\n                    Connectez-vous<br \/>\n                <\/a>\n            <\/p>\n","protected":false},"excerpt":{"rendered":"D\u00c9CRYPTAGE &#8211; M\u00eame si la coop\u00e9ration sur l\u2019Ukraine se r\u00e9v\u00e8le exemplaire, les difficult\u00e9s du gouvernement Bayrou assombrissent les&hellip;\n","protected":false},"author":2,"featured_media":350334,"comment_status":"","ping_status":"","sticky":false,"template":"","format":"standard","meta":{"footnotes":""},"categories":[9619],"tags":[1111,11,1073,1777,674,1011,27,4710,131,12,882,25,2310],"class_list":{"0":"post-350333","1":"post","2":"type-post","3":"status-publish","4":"format-standard","5":"has-post-thumbnail","7":"category-toulon","8":"tag-actu","9":"tag-actualites","10":"tag-emmanuel-macron","11":"tag-eu","12":"tag-europe","13":"tag-fr","14":"tag-france","15":"tag-friedrich-merz","16":"tag-guerre-en-ukraine","17":"tag-news","18":"tag-provence-alpes-cote-dazur","19":"tag-republique-francaise","20":"tag-toulon"},"share_on_mastodon":{"url":"https:\/\/pubeurope.com\/@fr\/115107468587914085","error":""},"_links":{"self":[{"href":"https:\/\/www.europesays.com\/fr\/wp-json\/wp\/v2\/posts\/350333","targetHints":{"allow":["GET"]}}],"collection":[{"href":"https:\/\/www.europesays.com\/fr\/wp-json\/wp\/v2\/posts"}],"about":[{"href":"https:\/\/www.europesays.com\/fr\/wp-json\/wp\/v2\/types\/post"}],"author":[{"embeddable":true,"href":"https:\/\/www.europesays.com\/fr\/wp-json\/wp\/v2\/users\/2"}],"replies":[{"embeddable":true,"href":"https:\/\/www.europesays.com\/fr\/wp-json\/wp\/v2\/comments?post=350333"}],"version-history":[{"count":0,"href":"https:\/\/www.europesays.com\/fr\/wp-json\/wp\/v2\/posts\/350333\/revisions"}],"wp:featuredmedia":[{"embeddable":true,"href":"https:\/\/www.europesays.com\/fr\/wp-json\/wp\/v2\/media\/350334"}],"wp:attachment":[{"href":"https:\/\/www.europesays.com\/fr\/wp-json\/wp\/v2\/media?parent=350333"}],"wp:term":[{"taxonomy":"category","embeddable":true,"href":"https:\/\/www.europesays.com\/fr\/wp-json\/wp\/v2\/categories?post=350333"},{"taxonomy":"post_tag","embeddable":true,"href":"https:\/\/www.europesays.com\/fr\/wp-json\/wp\/v2\/tags?post=350333"}],"curies":[{"name":"wp","href":"https:\/\/api.w.org\/{rel}","templated":true}]}}