{"id":350335,"date":"2025-08-28T17:03:20","date_gmt":"2025-08-28T17:03:20","guid":{"rendered":"https:\/\/www.europesays.com\/fr\/350335\/"},"modified":"2025-08-28T17:03:20","modified_gmt":"2025-08-28T17:03:20","slug":"controle-de-scooter-qui-degenere-tensions-dans-la-cite-saint-martin-a-montpellier","status":"publish","type":"post","link":"https:\/\/www.europesays.com\/fr\/350335\/","title":{"rendered":"Contr\u00f4le de scooter qui d\u00e9g\u00e9n\u00e8re : tensions dans la cit\u00e9 Saint-Martin \u00e0 Montpellier"},"content":{"rendered":"<p>Rapidement perdu de vue, il n\u2019a pas pu \u00eatre intercept\u00e9 sur le moment. En poursuivant dans la m\u00eame direction, les agents ont crois\u00e9 un autre individu qui, apr\u00e8s leur avoir fait signe, les a insult\u00e9s. En entrant dans la cit\u00e9, les policiers ont ensuite essuy\u00e9 des jets de canettes, sans pouvoir d\u00e9terminer si celles-ci provenaient des immeubles alentours ou de la personne qui se tenait face \u00e0 eux. Cette derni\u00e8re a finalement \u00e9t\u00e9 interpell\u00e9e apr\u00e8s un contact direct avec les forces de l\u2019ordre.<\/p>\n","protected":false},"excerpt":{"rendered":"Rapidement perdu de vue, il n\u2019a pas pu \u00eatre intercept\u00e9 sur le moment. En poursuivant dans la m\u00eame&hellip;\n","protected":false},"author":2,"featured_media":350336,"comment_status":"","ping_status":"","sticky":false,"template":"","format":"standard","meta":{"footnotes":""},"categories":[9599],"tags":[1111,11,1777,674,1011,27,2208,12,2680,25],"class_list":{"0":"post-350335","1":"post","2":"type-post","3":"status-publish","4":"format-standard","5":"has-post-thumbnail","7":"category-montpellier","8":"tag-actu","9":"tag-actualites","10":"tag-eu","11":"tag-europe","12":"tag-fr","13":"tag-france","14":"tag-montpellier","15":"tag-news","16":"tag-occitanie","17":"tag-republique-francaise"},"share_on_mastodon":{"url":"https:\/\/pubeurope.com\/@fr\/115107476517679684","error":""},"_links":{"self":[{"href":"https:\/\/www.europesays.com\/fr\/wp-json\/wp\/v2\/posts\/350335","targetHints":{"allow":["GET"]}}],"collection":[{"href":"https:\/\/www.europesays.com\/fr\/wp-json\/wp\/v2\/posts"}],"about":[{"href":"https:\/\/www.europesays.com\/fr\/wp-json\/wp\/v2\/types\/post"}],"author":[{"embeddable":true,"href":"https:\/\/www.europesays.com\/fr\/wp-json\/wp\/v2\/users\/2"}],"replies":[{"embeddable":true,"href":"https:\/\/www.europesays.com\/fr\/wp-json\/wp\/v2\/comments?post=350335"}],"version-history":[{"count":0,"href":"https:\/\/www.europesays.com\/fr\/wp-json\/wp\/v2\/posts\/350335\/revisions"}],"wp:featuredmedia":[{"embeddable":true,"href":"https:\/\/www.europesays.com\/fr\/wp-json\/wp\/v2\/media\/350336"}],"wp:attachment":[{"href":"https:\/\/www.europesays.com\/fr\/wp-json\/wp\/v2\/media?parent=350335"}],"wp:term":[{"taxonomy":"category","embeddable":true,"href":"https:\/\/www.europesays.com\/fr\/wp-json\/wp\/v2\/categories?post=350335"},{"taxonomy":"post_tag","embeddable":true,"href":"https:\/\/www.europesays.com\/fr\/wp-json\/wp\/v2\/tags?post=350335"}],"curies":[{"name":"wp","href":"https:\/\/api.w.org\/{rel}","templated":true}]}}