{"id":350337,"date":"2025-08-28T17:09:10","date_gmt":"2025-08-28T17:09:10","guid":{"rendered":"https:\/\/www.europesays.com\/fr\/350337\/"},"modified":"2025-08-28T17:09:10","modified_gmt":"2025-08-28T17:09:10","slug":"montpellier-le-bidonville-de-lavenue-de-maurin-ferme-91-personnes-relogees","status":"publish","type":"post","link":"https:\/\/www.europesays.com\/fr\/350337\/","title":{"rendered":"Montpellier\u00a0: le bidonville de l&rsquo;avenue de Maurin ferm\u00e9, 91 personnes relog\u00e9es"},"content":{"rendered":"<p>Le bidonville install\u00e9 avenue de Maurin, dans le sud de Montpellier, a \u00e9t\u00e9 ferm\u00e9 ce jeudi par les autorit\u00e9s. Les 91 personnes qui occupaient les lieux ont \u00e9t\u00e9 relog\u00e9es et prises en charges par les services sociaux. Parmi elles, 13 enfants, qui seront scolaris\u00e9s \u00e0 la rentr\u00e9e.\n<\/p>\n<p><a class=\"IciLink ici-link IciArticleLink g-ici-body-regular-1 underline brand svelte-lu7k6w\" href=\"https:\/\/www.francebleu.fr\/infos\/societe\/comme-promis-les-roms-accueillis-au-village-de-transition-de-la-rauze-a-montpellier-ont-quitte-les-lieux-4261732\" rel=\"nofollow noopener\" target=\"_blank\">Apr\u00e8s celui de Celleneuve en 2022<\/a>, le bidonville install\u00e9 depuis l&rsquo;automne 2022 sur le site de \u00ab\u00a0Jasse Maurin\u00a0\u00bb, dans le sud de Montpellier, a \u00e9t\u00e9 ferm\u00e9 jeudi 28 ao\u00fbt par les autorit\u00e9s. Cette \u00e9vacuation s&rsquo;inscrit dans le cadre d&rsquo;un partenariat entre l&rsquo;Etat, la Ville de Montpellier et la Fondation pour le logement des d\u00e9favoris\u00e9s (ex abb\u00e9 Pierre). Au total, 91 personnes ont \u00e9t\u00e9 prises en charge par les services sociaux. Parmi elles, 27 ont \u00e9t\u00e9 relog\u00e9es dans les locaux de l&rsquo;ancienne auberge de jeunesse municipale, \u00e0 deux pas du quai du Verdanson. Cela repr\u00e9sente 10 familles et 13 enfants, qui seront scolaris\u00e9s \u00e0 la rentr\u00e9e. Ces personnes sont accompagn\u00e9es par les services sociaux et la Croix Rouge.\u00a0Les autres sont relog\u00e9es par l&rsquo;Etat ou le d\u00e9partement.<\/p>\n<p>Expansion continue<\/p>\n<p>A l&rsquo;automne 2022, une quinzaine de personnes s&rsquo;\u00e9taient install\u00e9es sur cette parcelle situ\u00e9e entre les quartiers Tournezy et Croix d&rsquo;Argent. Un an plus tard, elles \u00e9taient 80. C&rsquo;est donc aujourd&rsquo;hui 91 personnes qui sont \u00e9vacu\u00e9es de ce terrain class\u00e9 en zone rouge \u00ab\u00a0inondation et ruissellement\u00a0\u00bb, selon la m\u00e9tropole de Montpellier, du fait des d\u00e9bordements fr\u00e9quents du Lantissargues.\u00a0 \u00ab\u00a0L\u2019expansion continue de ce lieu, caract\u00e9ris\u00e9 par un risque inondation majeur aggrav\u00e9 par les &lsquo;am\u00e9nagements&rsquo; r\u00e9alis\u00e9s par les occupants, ont conduit la Ville \u00e0 initier une proc\u00e9dure d\u2019expulsion en septembre 2023, afin d\u2019assurer la s\u00e9curit\u00e9 des personnes\u00a0\u00bb, explique la Ville dans un communiqu\u00e9.<\/p>\n<p>D\u00e8s l&rsquo;automne 2024, les familles install\u00e9es sur ce site ont \u00e9t\u00e9 recens\u00e9es et des solutions de relogement \u00e9tudi\u00e9es. Finalement, cinq\u00a0personnes sont en acc\u00e8s logement, 27 personnes h\u00e9berg\u00e9es sur l\u2019ancienne auberge de jeunesse, 42 personnes h\u00e9berg\u00e9es par l\u2019Etat, trois par le conseil d\u00e9partemental, et 14 ont trouv\u00e9 d\u2019autres solutions.<\/p>\n<p>511 personnes dans 13 bidonvilles<\/p>\n<p>\u00ab\u00a0La r\u00e9sorption de ce site s\u2019inscrit dans le cadre de la strat\u00e9gie partenariale volontariste issue de la convention sign\u00e9e le 5 mai 2025 entre l&rsquo;\u00c9tat, la Ville de Montpellier et la Fondation pour le Logement des D\u00e9favoris\u00e9s (ex-Fondation Abb\u00e9 Pierre) visant \u00e0 mettre \u00e0 l\u2019abri 163 m\u00e9nages, soit 511 personnes, occupant aujourd\u2019hui 13 bidonvilles sur l\u2019ensemble du territoire de la M\u00e9tropole de Montpellier, \u00e0 \u00e9ch\u00e9ance des 10 prochaines ann\u00e9es. Cette strat\u00e9gie s\u2019appuie sur une\u00a0dynamique d&rsquo;insertion p\u00e9renne permettant aux occupants de stabiliser leurs situations et leurs ressources, conditions pr\u00e9alables n\u00e9cessaires \u00e0 l&rsquo;acc\u00e8s au logement et \u00e0 une v\u00e9ritable sortie de la pr\u00e9carit\u00e9\u00a0\u00bb, expliquent la Ville et la pr\u00e9fecture de l&rsquo;H\u00e9rault.<\/p>\n<p>\u00ab\u00a0La parcelle \u00e9vacu\u00e9e sera dans un premier temps nettoy\u00e9e et enroch\u00e9e afin d&rsquo;\u00e9viter toute nouvelle occupation irr\u00e9guli\u00e8re. \u00c0 terme, un bassin d&rsquo;\u00e9cr\u00eatement des crues et un parc devraient \u00eatre am\u00e9nag\u00e9s\u00a0\u00bb, pr\u00e9cisent encore les autorit\u00e9s.<\/p>\n","protected":false},"excerpt":{"rendered":"Le bidonville install\u00e9 avenue de Maurin, dans le sud de Montpellier, a \u00e9t\u00e9 ferm\u00e9 ce jeudi par les&hellip;\n","protected":false},"author":2,"featured_media":350338,"comment_status":"","ping_status":"","sticky":false,"template":"","format":"standard","meta":{"footnotes":""},"categories":[9599],"tags":[1111,11,1777,674,1011,27,2208,12,2680,25],"class_list":{"0":"post-350337","1":"post","2":"type-post","3":"status-publish","4":"format-standard","5":"has-post-thumbnail","7":"category-montpellier","8":"tag-actu","9":"tag-actualites","10":"tag-eu","11":"tag-europe","12":"tag-fr","13":"tag-france","14":"tag-montpellier","15":"tag-news","16":"tag-occitanie","17":"tag-republique-francaise"},"share_on_mastodon":{"url":"https:\/\/pubeurope.com\/@fr\/115107500472736248","error":""},"_links":{"self":[{"href":"https:\/\/www.europesays.com\/fr\/wp-json\/wp\/v2\/posts\/350337","targetHints":{"allow":["GET"]}}],"collection":[{"href":"https:\/\/www.europesays.com\/fr\/wp-json\/wp\/v2\/posts"}],"about":[{"href":"https:\/\/www.europesays.com\/fr\/wp-json\/wp\/v2\/types\/post"}],"author":[{"embeddable":true,"href":"https:\/\/www.europesays.com\/fr\/wp-json\/wp\/v2\/users\/2"}],"replies":[{"embeddable":true,"href":"https:\/\/www.europesays.com\/fr\/wp-json\/wp\/v2\/comments?post=350337"}],"version-history":[{"count":0,"href":"https:\/\/www.europesays.com\/fr\/wp-json\/wp\/v2\/posts\/350337\/revisions"}],"wp:featuredmedia":[{"embeddable":true,"href":"https:\/\/www.europesays.com\/fr\/wp-json\/wp\/v2\/media\/350338"}],"wp:attachment":[{"href":"https:\/\/www.europesays.com\/fr\/wp-json\/wp\/v2\/media?parent=350337"}],"wp:term":[{"taxonomy":"category","embeddable":true,"href":"https:\/\/www.europesays.com\/fr\/wp-json\/wp\/v2\/categories?post=350337"},{"taxonomy":"post_tag","embeddable":true,"href":"https:\/\/www.europesays.com\/fr\/wp-json\/wp\/v2\/tags?post=350337"}],"curies":[{"name":"wp","href":"https:\/\/api.w.org\/{rel}","templated":true}]}}