{"id":350343,"date":"2025-08-28T17:16:32","date_gmt":"2025-08-28T17:16:32","guid":{"rendered":"https:\/\/www.europesays.com\/fr\/350343\/"},"modified":"2025-08-28T17:16:32","modified_gmt":"2025-08-28T17:16:32","slug":"a-grenoble-le-ministre-yannick-neuder-prend-le-pouls-du-secteur-de-la-sante","status":"publish","type":"post","link":"https:\/\/www.europesays.com\/fr\/350343\/","title":{"rendered":"\u00e0 Grenoble le ministre Yannick Neuder prend le pouls du secteur de la sant\u00e9"},"content":{"rendered":"<p>Ce jeudi, l&rsquo;ancien cardiologue du CHU de Grenoble, Yannick Neuder, signait une journ\u00e9e marathon, \u00e0 l&rsquo;aube d&rsquo;une rentr\u00e9e qui s&rsquo;annonce chahut\u00e9e pour le gouvernement Bayrou\u00a0: alors que l&rsquo;inqui\u00e9tude gagne le secteur de la sant\u00e9\u00a0depuis les annonces, \u00e0 la mi-juillet, du Premier ministre Fran\u00e7ois Bayrou qui \u00e9voquait son objectif de trouver 5,5\u00a0milliards d&rsquo;euros d&rsquo;\u00e9conomies dans le cadre du budget 2026 de l&rsquo;Assurance Maladie, le spectre d&rsquo;un vote de confiance pr\u00e9vu le 8 septembre ainsi que d&rsquo;un \u00ab appel \u00e0 la mobilisation g\u00e9n\u00e9rale \u00bb lanc\u00e9 pour le\u00a010 septembre prochain restent dans tous les esprits. Mais le ministre de la Sant\u00e9 ne s&rsquo;avoue pas vaincu pour autant.<\/p>\n<p>Alors que son gouvernement avait vot\u00e9, au printemps dernier, son Pacte pour lutter contre les d\u00e9serts m\u00e9dicaux, le ministre de la Sant\u00e9 a profit\u00e9 de sa venue dans son fief de Grenoble, en Is\u00e8re, pour annoncer la publication des trois d\u00e9crets et arr\u00eat\u00e9s permettant d&rsquo;installer 3.700 nouveaux m\u00e9decins juniors de 4e\u00a0ann\u00e9e en m\u00e9decine g\u00e9n\u00e9rale au 2 novembre prochain, assortis de leurs conditions de r\u00e9mun\u00e9ration.<\/p>\n<p>Une mani\u00e8re d&rsquo;esquisser une premi\u00e8re r\u00e9ponse aux besoins des 151 territoires r\u00e9f\u00e9renc\u00e9s comme des d\u00e9serts m\u00e9dicaux \u00e0 travers l&rsquo;Hexagone.<\/p>\n<p> Des projets \u00ab qui continuent d&rsquo;avancer \u00bb <\/p>\n<blockquote>\n<p>\u00a0\u00ab Malgr\u00e9 le contexte politique national, les projets continuent d&rsquo;avancer. Nous avons publi\u00e9 ce matin les textes concernant les docteurs juniors, en quatri\u00e8me ann\u00e9e de m\u00e9decine g\u00e9n\u00e9rale. Nous continuons la lutte contre les d\u00e9serts m\u00e9dicaux, que ce soit par cette mesure ou par la base des deux jours volontaires des m\u00e9decins dans les territoires les plus en difficult\u00e9 \u00bb, affirme \u00e0 La Tribune Yannick Neuder, qui en a profit\u00e9 pour proposer l&rsquo;acc\u00e8s \u00e0 ce nouveau dispositif aux fondateurs du cabinet grenoblois de SOS M\u00e9decins.<\/p>\n<\/blockquote>\n<p>Et de pr\u00e9ciser : \u00ab nous aurons identifi\u00e9 d&rsquo;ici \u00e0 quelques jours les m\u00e9decins dans les 151 zones qui n\u00e9cessitent un renfort m\u00e9dical imm\u00e9diat \u00bb.<\/p>\n<p>Cette\u00a0seconde antenne de soins non-programm\u00e9s de SOS M\u00e9decins est l&rsquo;illustration de ce que souhaiterait encourager Yannick Neuder : cr\u00e9\u00e9e fin 2024 en centre de Grenoble, pour renforcer un\u00a0premier cabinet situ\u00e9 \u00e0 Echirolles, elle emploie aujourd&rsquo;hui 20 \u00e9quivalents temps plein ainsi que huit internes\u00a0et traite\u00a0entre 250 et 350 appels par jour, et r\u00e9alise pr\u00e8s de 200 et 300 consultations quotidiennes. Et ce, alors que le territoire grenoblois est soumis \u00e0 de fortes tensions\u00a0en raison d&rsquo;une vague de d\u00e9parts \u00e0 la retraite et d&rsquo;une \u00e9rosion des installations de jeunes m\u00e9decins.<\/p>\n<p>Fin d\u00e9cembre 2024, la fermeture de plusieurs cabinets m\u00e9dicaux avait laiss\u00e9 sans m\u00e9decin traitant pr\u00e8s de 10.000 patients, tandis que selon la CPTS, qui s&rsquo;appuie sur les donn\u00e9es de la CPAM, 49.000 Grenoblois \u00e9taient sans m\u00e9decin traitant ou avec un m\u00e9decin traitant de plus de 60 ans en juin 2023.<\/p>\n<p> <strong>\u00ab\u00a0Demander peu \u00e0 beaucoup de m\u00e9decins \u00bb<\/strong> <\/p>\n<p>Sur place, le ministre de la Sant\u00e9 conc\u00e8de\u00a0:\u00a0\u00ab\u00a0Il faut d&rsquo;une part former davantage de m\u00e9decins car nous en formons encore pour l&rsquo;instant le m\u00eame nombre que les ann\u00e9es 70, alors que nous avons 15 millions d&rsquo;habitants en plus, et des maladies chroniques en augmentation. Mais il faut aussi travailler les conditions d&rsquo;attractivit\u00e9, qui passent par des locaux int\u00e9ressants, par des logiciels d&rsquo;intelligence artificielle qui peuvent gagner du temps sur certaines t\u00e2ches\u00a0\u00bb.<\/p>\n<p>Car Yannick Neuder est aussi\u00a0venu prendre \u00e9galement la temp\u00e9rature des professionnels de sant\u00e9&#8230; tout en r\u00e9fl\u00e9chissant \u00e0 quelques pistes d&rsquo;\u00e9conomies \u00e0 r\u00e9aliser, \u00e0 l&rsquo;aube de l&rsquo;exercice d&rsquo;\u00e9quilibriste que repr\u00e9sentera le budget 2026 de l&rsquo;Assurance Maladie.<\/p>\n<blockquote>\n<p>Avec un credo\u00a0: \u00ab\u00a0ma philosophie est de demander peu, mais \u00e0 beaucoup de m\u00e9decins, afin de ne pas demander beaucoup seulement \u00e0 quelques-uns\u00a0\u00bb.<\/p>\n<\/blockquote>\n<p>\u00c0 plusieurs reprises, il est par exemple revenu sur le r\u00f4le que pourrait prendre l&rsquo;intelligence artificielle dans le domaine du traitement des r\u00e9sultats en biologie ou en cardiologie notamment.\u00a0\u00ab\u00a0Je pense que l&rsquo;on peut aller beaucoup plus loin en mati\u00e8re d&rsquo;IA pour rendre du temps aux soignants. J&rsquo;ai pr\u00e9vu de me rendre en Espagne pour visiter des unit\u00e9s qui sont particuli\u00e8rement avanc\u00e9es \u00e0 ce sujet\u00a0\u00bb, indique Yannick Neuder.<\/p>\n<p>Le tout, en pointant \u00e9galement le sujet du temps de travail des m\u00e9decins, qui devront \u00e9galement \u00ab\u00a0travailler plus\u00a0\u00bb\u00a0sous r\u00e9serve que leur soient propos\u00e9es de meilleures conditions de travail (regroupements, am\u00e9nagements de temps de travail, acc\u00e8s \u00e0 de nouveaux outils comme l&rsquo;IA&#8230;):\u00a0\u00ab\u00a0Je ne\u00a0crois pas que l&rsquo;on fasse 10 ans d&rsquo;\u00e9tudes pour, \u00e0 terme, se d\u00e9tourner de la m\u00e9decine. L&rsquo;enjeu, ce sont les conditions de pratique\u00a0:\u00a0\u00a0il nous faut am\u00e9liorer les conditions de travail des soignants \u00e0 l&rsquo;h\u00f4pital en formant plus de soignants, en ouvrant plus de lits pour permettre la fluidit\u00e9 aux urgences et en ville pour mieux r\u00e9partir la charge\u00a0\u00bb.<\/p>\n<p> \u00c0 la recherche d&rsquo;une plus grande \u00ab efficacit\u00e9 \u00bb <\/p>\n<p>Avec comme autre piste, celle de faire travailler encore davantage ensemble les\u00a0professionnels de sant\u00e9, \u00e0 l&rsquo;image du rapprochement qui a eu lieu entre l&rsquo;antenne \u00e9chirolloise de SOS M\u00e9decins et le plateau technique de la Clinique des C\u00e8dres voisine, ou encore de mieux r\u00e9partir les contributions de chacun, \u00e0 l&rsquo;image du mod\u00e8le qui se dessine, cette fois dans le domaine des soins non programm\u00e9s, entre le SAMU et les structures comme SOS m\u00e9decins\u00a0:<\/p>\n<blockquote>\n<p>\u00ab\u00a0On voit par exemple bien\u00a0qu&rsquo;en phase caniculaire, ou en \u00e9pid\u00e9mie de grippe, si les 30 \u00e0 40 appels qui sont habituellement faits \u00e0 la r\u00e9gulation du SAMU peuvent \u00eatre g\u00e9r\u00e9s par SOS m\u00e9decins, on \u00e9vite ainsi le recours aux urgences et on diminue la tension ainsi les d\u00e9lais d&rsquo;attentes tout en am\u00e9liorant les conditions de travail\u00a0\u00bb, assure Yannick Neuder.<\/p>\n<\/blockquote>\n<p>Difficile de pr\u00e9dire n\u00e9anmoins quel r\u00f4le pourraient jouer ces pistes dans le projet de budget 2026, qui sera particuli\u00e8rement difficile \u00e0 boucler cette ann\u00e9e.<\/p>\n<p>Avec des \u00e9conomies de 5,5\u00a0milliards d&rsquo;euros demand\u00e9es au secteur de la sant\u00e9, sur un total de\u00a043,8\u00a0milliards d&rsquo;euros d&rsquo;\u00e9conomies\u00a0\u00e0 trouver, le premier ministre Fran\u00e7ois Bayrou visait notamment\u00a0les franchises concernant le remboursement des m\u00e9dicaments, la prise en charge des affections longue dur\u00e9e ou encore des\u00a0arr\u00eats maladie.<\/p>\n<p>Sur le terrain, Yannick Neuder multipliera dans les prochains jours les d\u00e9placements, tout en glissant :\u00a0\u00ab\u00a0Quels que soient les probl\u00e8mes politiques et financiers de notre pays, une transformation est n\u00e9cessaire, puisque notre syst\u00e8me de sant\u00e9 a \u00e9t\u00e9 con\u00e7u pour la prise en charge des maladies aig\u00fces, alors que les maladies chroniques augmentent\u00a0\u00bb.<\/p>\n<p>                    <img decoding=\"async\" src=\"https:\/\/www.europesays.com\/fr\/wp-content\/uploads\/2025\/05\/marie-lyan.jpg\" data-id=\"2513839\" class=\"author-pic\" alt=\"Marie Lyan\"\/><\/p>\n","protected":false},"excerpt":{"rendered":"Ce jeudi, l&rsquo;ancien cardiologue du CHU de Grenoble, Yannick Neuder, signait une journ\u00e9e marathon, \u00e0 l&rsquo;aube d&rsquo;une rentr\u00e9e&hellip;\n","protected":false},"author":2,"featured_media":350344,"comment_status":"","ping_status":"","sticky":false,"template":"","format":"standard","meta":{"footnotes":""},"categories":[9566],"tags":[1111,11,2430,1777,674,1011,27,2731,12,25],"class_list":{"0":"post-350343","1":"post","2":"type-post","3":"status-publish","4":"format-standard","5":"has-post-thumbnail","7":"category-grenoble","8":"tag-actu","9":"tag-actualites","10":"tag-auvergne-rhone-alpes","11":"tag-eu","12":"tag-europe","13":"tag-fr","14":"tag-france","15":"tag-grenoble","16":"tag-news","17":"tag-republique-francaise"},"share_on_mastodon":{"url":"https:\/\/pubeurope.com\/@fr\/115107527992566232","error":""},"_links":{"self":[{"href":"https:\/\/www.europesays.com\/fr\/wp-json\/wp\/v2\/posts\/350343","targetHints":{"allow":["GET"]}}],"collection":[{"href":"https:\/\/www.europesays.com\/fr\/wp-json\/wp\/v2\/posts"}],"about":[{"href":"https:\/\/www.europesays.com\/fr\/wp-json\/wp\/v2\/types\/post"}],"author":[{"embeddable":true,"href":"https:\/\/www.europesays.com\/fr\/wp-json\/wp\/v2\/users\/2"}],"replies":[{"embeddable":true,"href":"https:\/\/www.europesays.com\/fr\/wp-json\/wp\/v2\/comments?post=350343"}],"version-history":[{"count":0,"href":"https:\/\/www.europesays.com\/fr\/wp-json\/wp\/v2\/posts\/350343\/revisions"}],"wp:featuredmedia":[{"embeddable":true,"href":"https:\/\/www.europesays.com\/fr\/wp-json\/wp\/v2\/media\/350344"}],"wp:attachment":[{"href":"https:\/\/www.europesays.com\/fr\/wp-json\/wp\/v2\/media?parent=350343"}],"wp:term":[{"taxonomy":"category","embeddable":true,"href":"https:\/\/www.europesays.com\/fr\/wp-json\/wp\/v2\/categories?post=350343"},{"taxonomy":"post_tag","embeddable":true,"href":"https:\/\/www.europesays.com\/fr\/wp-json\/wp\/v2\/tags?post=350343"}],"curies":[{"name":"wp","href":"https:\/\/api.w.org\/{rel}","templated":true}]}}