{"id":350345,"date":"2025-08-28T17:17:13","date_gmt":"2025-08-28T17:17:13","guid":{"rendered":"https:\/\/www.europesays.com\/fr\/350345\/"},"modified":"2025-08-28T17:17:13","modified_gmt":"2025-08-28T17:17:13","slug":"le-ministre-de-la-sante-yannick-neuder-a-inaugure-le-chantier-du-nouveau-batiment-du-samu-du-chu-grenoble-alpes","status":"publish","type":"post","link":"https:\/\/www.europesays.com\/fr\/350345\/","title":{"rendered":"Le ministre de la Sant\u00e9 Yannick Neuder a inaugur\u00e9 le chantier du nouveau b\u00e2timent du Samu du CHU Grenoble Alpes"},"content":{"rendered":"<p class=\"article__intro\">Le ministre de la Sant\u00e9 Yannick Neuder \u00e9tait en d\u00e9placement en Is\u00e8re ce jeudi 28 ao\u00fbt. Il s&rsquo;est notamment rendu au centre hospitalier universitaire Grenoble Alpes pour poser la premi\u00e8re pierre du chantier du futur b\u00e2timent du Smur.<\/p>\n<p>\n      La Quotidienne Soci\u00e9t\u00e9\n    <\/p>\n<p>\n      De la vie quotidienne aux grands enjeux, recevez tous les jours les sujets qui font la soci\u00e9t\u00e9 locale, comme la justice, l\u2019\u00e9ducation, la sant\u00e9 et la famille.\n    <\/p>\n<p>    France T\u00e9l\u00e9visions utilise votre adresse e-mail afin de vous envoyer la newsletter \u00ab\u00a0La Quotidienne Soci\u00e9t\u00e9\u00a0\u00bb. Vous pouvez vous d\u00e9sinscrire \u00e0 tout moment via le lien en bas de cette newsletter. <a target=\"_blank\" href=\"https:\/\/www.francetelevisions.fr\/groupe\/confidentialite\/politique-de-confidentialite\/politique-de-confidentialite-de-france-televisions-6503\" rel=\"nofollow noopener\">Notre politique de confidentialit\u00e9<\/a><\/p>\n<p>En avril dernier, le ministre de la Sant\u00e9 avait annonc\u00e9 un plan d\u2019investissement \u00e0 hauteur de 563 millions d\u2019euros destin\u00e9 \u00e0 <a href=\"https:\/\/france3-regions.franceinfo.fr\/auvergne-rhone-alpes\/isere\/le-ministre-de-la-sante-annonce-un-plan-a-563-millions-d-euros-pour-moderniser-le-chu-grenoble-alpes-3133771.html\" target=\"_blank\" rel=\"noopener nofollow\">moderniser le CHU Grenoble Alpes<\/a>. C\u2019est dans ce cadre, que jeudi 28 ao\u00fbt, Yannick Neuder a pos\u00e9 la premi\u00e8re pierre du chantier du nouveau b\u00e2timent du Samu-Smur de l\u2019h\u00f4pital de Grenoble.<\/p>\n<p>\u00ab\u00a0Le CHU de Grenoble est un centre hospitalier de proximit\u00e9, mais \u00e9galement de recours pour toute la r\u00e9gion Auvergne-Rh\u00f4ne-Alpes. Cet h\u00f4pital a une cinquantaine d\u2019ann\u00e9es\u00a0\u00bb, a d\u2019abord expliqu\u00e9 le ministre de la Sant\u00e9. \u00ab\u00a0L\u00e0, on commence \u00e0 mat\u00e9rialiser les diff\u00e9rentes phases. Ici, nous allons pouvoir construire plus de 4 000 m\u00b2 de b\u00e2timents d\u00e9di\u00e9s \u00e0 quelque chose qui est fondamental, qui est la coordination des soins\u00a0\u00bb, a poursuivi le ministre qui a exerc\u00e9 par le pass\u00e9 en tant que cardiologue au CHU Grenoble Alpes.<\/p>\n<\/p>\n<p>Ce nouveau centre de r\u00e9gulation, qui sera implant\u00e9 sur la parcelle de l\u2019ancienne h\u00e9listation du site Nord, permettra \u00e0 l\u2019h\u00f4pital Michallon de s\u2019\u00e9tendre en lieu et place du b\u00e2timent actuel du Samu, le pavillon Ren\u00e9 Coirier. Un b\u00e2timent qui devrait \u00eatre livr\u00e9 fin 2026 et mis en service au premier semestre 2027. \u00ab\u00a0Cela permet de conforter l&rsquo;activit\u00e9 du SAMU qui est une activit\u00e9 de m\u00e9decine aigu\u00eb d&rsquo;urgence, que ce soient les accidents de la route, les grandes causes de maladies, les infarctus, les AVC, les prises en charge de la coordination dans un milieu hostile qu&rsquo;est la montagne\u00a0\u00bb, a affirm\u00e9 le ministre de la Sant\u00e9.<\/p>\n<\/p>\n<p>\u00ab\u00a0Au niveau du centre de r\u00e9gulation des appels et du service d\u2019acc\u00e8s aux soins, on a une tr\u00e8s forte augmentation de l\u2019activit\u00e9 sur les 15 derni\u00e8res ann\u00e9es\u00a0\u00bb, indique le Pr. Guillaume Debaty, chef de service du Samu de l\u2019Is\u00e8re au CHUGA.\u00a0<\/p>\n<p>\u00ab\u00a0On \u00e9tait \u00e0 400 000 appels il y a cinq ans, on d\u00e9passe les 600 000 maintenant, avec beaucoup de professionnels en plus pour pouvoir g\u00e9rer ces appels et r\u00e9pondre rapidement aux besoins de la population\u00a0\u00bb, poursuit le soignant, d\u00e9crivant des conditions de travail qui se sont d\u00e9t\u00e9rior\u00e9es : \u00ab\u00a0Il y a des p\u00e9riodes o\u00f9 on est tr\u00e8s serr\u00e9s, o\u00f9 tous les postes sont occup\u00e9s. Ce nouveau b\u00e2timent, \u00e7a sera un vrai plus pour la prise en charge des patients\u00a0\u00bb.<\/p>\n<p>16 millions d\u2019euros ont \u00e9t\u00e9 investis pour la cr\u00e9ation de ce nouveau b\u00e2timent. Quant au lancement des travaux du projet d\u2019extension du CHUGA, il est pr\u00e9vu pour 2027. La fin de la r\u00e9novation totale est pr\u00e9vue elle pour 2035.<\/p>\n","protected":false},"excerpt":{"rendered":"Le ministre de la Sant\u00e9 Yannick Neuder \u00e9tait en d\u00e9placement en Is\u00e8re ce jeudi 28 ao\u00fbt. Il s&rsquo;est&hellip;\n","protected":false},"author":2,"featured_media":350346,"comment_status":"","ping_status":"","sticky":false,"template":"","format":"standard","meta":{"footnotes":""},"categories":[9566],"tags":[1111,11,2430,1777,674,1011,27,2731,12,25],"class_list":{"0":"post-350345","1":"post","2":"type-post","3":"status-publish","4":"format-standard","5":"has-post-thumbnail","7":"category-grenoble","8":"tag-actu","9":"tag-actualites","10":"tag-auvergne-rhone-alpes","11":"tag-eu","12":"tag-europe","13":"tag-fr","14":"tag-france","15":"tag-grenoble","16":"tag-news","17":"tag-republique-francaise"},"share_on_mastodon":{"url":"https:\/\/pubeurope.com\/@fr\/115107531647856273","error":""},"_links":{"self":[{"href":"https:\/\/www.europesays.com\/fr\/wp-json\/wp\/v2\/posts\/350345","targetHints":{"allow":["GET"]}}],"collection":[{"href":"https:\/\/www.europesays.com\/fr\/wp-json\/wp\/v2\/posts"}],"about":[{"href":"https:\/\/www.europesays.com\/fr\/wp-json\/wp\/v2\/types\/post"}],"author":[{"embeddable":true,"href":"https:\/\/www.europesays.com\/fr\/wp-json\/wp\/v2\/users\/2"}],"replies":[{"embeddable":true,"href":"https:\/\/www.europesays.com\/fr\/wp-json\/wp\/v2\/comments?post=350345"}],"version-history":[{"count":0,"href":"https:\/\/www.europesays.com\/fr\/wp-json\/wp\/v2\/posts\/350345\/revisions"}],"wp:featuredmedia":[{"embeddable":true,"href":"https:\/\/www.europesays.com\/fr\/wp-json\/wp\/v2\/media\/350346"}],"wp:attachment":[{"href":"https:\/\/www.europesays.com\/fr\/wp-json\/wp\/v2\/media?parent=350345"}],"wp:term":[{"taxonomy":"category","embeddable":true,"href":"https:\/\/www.europesays.com\/fr\/wp-json\/wp\/v2\/categories?post=350345"},{"taxonomy":"post_tag","embeddable":true,"href":"https:\/\/www.europesays.com\/fr\/wp-json\/wp\/v2\/tags?post=350345"}],"curies":[{"name":"wp","href":"https:\/\/api.w.org\/{rel}","templated":true}]}}