{"id":350347,"date":"2025-08-28T17:18:13","date_gmt":"2025-08-28T17:18:13","guid":{"rendered":"https:\/\/www.europesays.com\/fr\/350347\/"},"modified":"2025-08-28T17:18:13","modified_gmt":"2025-08-28T17:18:13","slug":"stephane-chassard-guillard-nouveau-directeur-de-lenseignement-catholique-en-ille-et-vilaine","status":"publish","type":"post","link":"https:\/\/www.europesays.com\/fr\/350347\/","title":{"rendered":"St\u00e9phane Chassard-Guillard, nouveau directeur de l&rsquo;Enseignement Catholique en Ille-et-Vilaine"},"content":{"rendered":"<p>\t\t\tDes enjeux d\u2019avenir importants<\/p>\n<p class=\"EIV\">St\u00e9phane Chassard-Guillard a exprim\u00e9 sa joie de<b> <\/b>prendre la responsabilit\u00e9 de l\u2019Enseignement Catholique d\u2019Ille-et-Vilaine qui, avec ses 340 \u00e9tablissements, se caract\u00e9rise par \u00ab\u00a0un maillage extr\u00eamement dense<b>\u00a0<\/b>\u00bb. Mais \u00e0 l\u2019heure d\u2019une baisse significative de la d\u00e9mographie, la question de sa conservation va se poser et avec elle \u00ab\u00a0la libert\u00e9 scolaire que nous devons prot\u00e9ger absolument aujourd\u2019hui, demain\u00a0\u00bb. L\u2019autre enjeu mis en avant est celui de l\u2019unit\u00e9 \u00ab\u00a0que le doute ne nous submerge pas par rapport aux incertitudes de l\u2019avenir\u00a0; que nous gardions la coh\u00e9sion qui est la n\u00f4tre, unis autour de notre projet, parce que c\u2019est notre force\u00a0\u00bb.<\/p>\n<p class=\"EIV\">La question des abus a aussi \u00e9t\u00e9 abord\u00e9e : \u00ab Les abus sexuels sont des crimes que personne ne peut ni justifier ni expliquer. \u00bb Un enjeu sur lequel il rappelle la mise en place de diff\u00e9rents dispositifs et programme dans les \u00e9tablissements et les accords sign\u00e9s en Ille-et-Vilaine avec les procureurs afin que tout d\u00e9lit soit syst\u00e9matiquement \u00ab d\u00e9nonc\u00e9, instruit et r\u00e9gl\u00e9 par la justice \u00bb.<\/p>\n","protected":false},"excerpt":{"rendered":"Des enjeux d\u2019avenir importants St\u00e9phane Chassard-Guillard a exprim\u00e9 sa joie de prendre la responsabilit\u00e9 de l\u2019Enseignement Catholique d\u2019Ille-et-Vilaine&hellip;\n","protected":false},"author":2,"featured_media":350348,"comment_status":"","ping_status":"","sticky":false,"template":"","format":"standard","meta":{"footnotes":""},"categories":[2821],"tags":[1111,11,829,1777,674,1011,27,12,584,25],"class_list":{"0":"post-350347","1":"post","2":"type-post","3":"status-publish","4":"format-standard","5":"has-post-thumbnail","7":"category-rennes","8":"tag-actu","9":"tag-actualites","10":"tag-bretagne","11":"tag-eu","12":"tag-europe","13":"tag-fr","14":"tag-france","15":"tag-news","16":"tag-rennes","17":"tag-republique-francaise"},"share_on_mastodon":{"url":"","error":""},"_links":{"self":[{"href":"https:\/\/www.europesays.com\/fr\/wp-json\/wp\/v2\/posts\/350347","targetHints":{"allow":["GET"]}}],"collection":[{"href":"https:\/\/www.europesays.com\/fr\/wp-json\/wp\/v2\/posts"}],"about":[{"href":"https:\/\/www.europesays.com\/fr\/wp-json\/wp\/v2\/types\/post"}],"author":[{"embeddable":true,"href":"https:\/\/www.europesays.com\/fr\/wp-json\/wp\/v2\/users\/2"}],"replies":[{"embeddable":true,"href":"https:\/\/www.europesays.com\/fr\/wp-json\/wp\/v2\/comments?post=350347"}],"version-history":[{"count":0,"href":"https:\/\/www.europesays.com\/fr\/wp-json\/wp\/v2\/posts\/350347\/revisions"}],"wp:featuredmedia":[{"embeddable":true,"href":"https:\/\/www.europesays.com\/fr\/wp-json\/wp\/v2\/media\/350348"}],"wp:attachment":[{"href":"https:\/\/www.europesays.com\/fr\/wp-json\/wp\/v2\/media?parent=350347"}],"wp:term":[{"taxonomy":"category","embeddable":true,"href":"https:\/\/www.europesays.com\/fr\/wp-json\/wp\/v2\/categories?post=350347"},{"taxonomy":"post_tag","embeddable":true,"href":"https:\/\/www.europesays.com\/fr\/wp-json\/wp\/v2\/tags?post=350347"}],"curies":[{"name":"wp","href":"https:\/\/api.w.org\/{rel}","templated":true}]}}