{"id":350349,"date":"2025-08-28T17:19:16","date_gmt":"2025-08-28T17:19:16","guid":{"rendered":"https:\/\/www.europesays.com\/fr\/350349\/"},"modified":"2025-08-28T17:19:16","modified_gmt":"2025-08-28T17:19:16","slug":"rennes-sort-15me-bonus-compris-pour-ce-buteur","status":"publish","type":"post","link":"https:\/\/www.europesays.com\/fr\/350349\/","title":{"rendered":"Rennes sort 15M\u20ac (bonus compris) pour ce buteur !"},"content":{"rendered":"<p><strong data-start=\"234\" data-end=\"548\">Football Club de Marseille vous propose de suivre l\u2019actualit\u00e9 des concurrents de l\u2019OM (PSG, Monaco, Lyon, Nice, LOSC, Lens\u2026). Le Stade Rennais tient son renfort offensif. Apr\u00e8s le d\u00e9part d\u2019Arnaud Kalimuendo vers Nottingham Forest, les dirigeants bretons ont trouv\u00e9 un accord avec Angers pour le transfert d\u2019Esteban Lepaul. L\u2019attaquant de 23 ans est attendu jeudi pour sa visite m\u00e9dicale et pourrait s\u2019engager jusqu\u2019en 2029 avec le SRFC.<\/strong><\/p>\n<p>Orphelin d\u2019<strong>Arnaud Kalimuendo<\/strong>, transf\u00e9r\u00e9 pour pr\u00e8s de 20 millions d\u2019euros \u00e0 Nottingham Forest, le Stade Rennais n\u2019a pas perdu de temps pour lui trouver un successeur. Les dirigeants bretons ont acc\u00e9l\u00e9r\u00e9 sur la piste Esteban Lepaul, qui sort d\u2019une saison convaincante avec Angers. Apr\u00e8s plusieurs jours de n\u00e9gociations, un accord a \u00e9t\u00e9 conclu avec le SCO. Le montant du transfert est fix\u00e9 \u00e0 <strong data-start=\"996\" data-end=\"1021\">13,5 millions d\u2019euros<\/strong>, auxquels s\u2019ajouteront jusqu\u2019\u00e0 <strong data-start=\"1053\" data-end=\"1077\">1,5 million en bonus<\/strong> li\u00e9s aux performances. Lepaul, d\u00e9j\u00e0 d\u2019accord avec Rennes depuis mercredi, s\u2019est engag\u00e9 pour un bail de quatre ans. Son arriv\u00e9e confirme la volont\u00e9 du club breton d\u2019investir sur un joueur d\u2019avenir, capable de franchir un cap en Ligue 1.<\/p>\n<p>\u00a0<\/p>\n<\/p>\n<p>Lepaul, un profil compl\u00e9mentaire<\/p>\n<p data-start=\"1361\" data-end=\"2128\">\u00c2g\u00e9 de 23 ans, <strong>Esteban Lepaul<\/strong> a brill\u00e9 avec Angers la saison pass\u00e9e gr\u00e2ce \u00e0 son sens du but et sa capacit\u00e9 \u00e0 peser sur les d\u00e9fenses. Puissant, mobile et dot\u00e9 d\u2019un bon jeu de t\u00eate, il peut \u00e9voluer comme avant-centre ou attaquant de soutien, une polyvalence pr\u00e9cieuse pour <strong>Julien St\u00e9pha<\/strong>n. L\u2019entra\u00eeneur rennais, qui a insist\u00e9 sur la n\u00e9cessit\u00e9 de renforcer son attaque apr\u00e8s le d\u00e9part de Kalimuendo, voit en Lepaul un joueur capable de dynamiser le secteur offensif et de s\u2019imposer rapidement. Avec ses qualit\u00e9s, le buteur devrait apporter une dimension diff\u00e9rente dans la surface adverse, mais aussi une compl\u00e9mentarit\u00e9 int\u00e9ressante avec les ailiers d\u00e9j\u00e0 pr\u00e9sents au club. Rennes esp\u00e8re ainsi diversifier ses solutions et mieux g\u00e9rer les temps faibles dans ses matchs.<\/p>\n<p>Rennes encore actif sur le march\u00e9<\/p>\n<p>Si la signature d\u2019Esteban Lepaul constitue un joli coup pour le <strong>Stade Rennais<\/strong>, les dirigeants bretons ne comptent pas en rester l\u00e0. Le club s\u2019active toujours pour recruter un deuxi\u00e8me attaquant avant la fermeture du mercato lundi prochain \u00e0 20h. L\u2019id\u00e9e est d\u2019apporter davantage de concurrence et de profondeur \u00e0 un secteur offensif jug\u00e9 encore trop limit\u00e9. Rennes, engag\u00e9 sur plusieurs fronts cette saison, doit pouvoir compter sur un effectif dense et comp\u00e9titif pour encha\u00eener les matchs de Ligue 1 et de Coupe d\u2019Europe. La direction veut donc offrir \u00e0 Julien St\u00e9phan les moyens de viser haut, avec un objectif clair : s\u00e9curiser une place europ\u00e9enne et, si possible, se rapprocher du podium en championnat.<\/p>\n<p data-start=\"2175\" data-end=\"2885\">A lire aussi: <a href=\"https:\/\/www.footballclubdemarseille.fr\/mercato-om\/mercato-om-un-depart-a-6me-enfin-acte.html\" rel=\"nofollow noopener\" target=\"_blank\">Mercato OM : Un d\u00e9part \u00e0 6M\u20ac (enfin) act\u00e9 !<\/a><\/p>\n","protected":false},"excerpt":{"rendered":"Football Club de Marseille vous propose de suivre l\u2019actualit\u00e9 des concurrents de l\u2019OM (PSG, Monaco, Lyon, Nice, LOSC,&hellip;\n","protected":false},"author":2,"featured_media":143712,"comment_status":"","ping_status":"","sticky":false,"template":"","format":"standard","meta":{"footnotes":""},"categories":[2821],"tags":[1111,11,829,1777,674,1011,27,12,584,25],"class_list":{"0":"post-350349","1":"post","2":"type-post","3":"status-publish","4":"format-standard","5":"has-post-thumbnail","7":"category-rennes","8":"tag-actu","9":"tag-actualites","10":"tag-bretagne","11":"tag-eu","12":"tag-europe","13":"tag-fr","14":"tag-france","15":"tag-news","16":"tag-rennes","17":"tag-republique-francaise"},"share_on_mastodon":{"url":"","error":""},"_links":{"self":[{"href":"https:\/\/www.europesays.com\/fr\/wp-json\/wp\/v2\/posts\/350349","targetHints":{"allow":["GET"]}}],"collection":[{"href":"https:\/\/www.europesays.com\/fr\/wp-json\/wp\/v2\/posts"}],"about":[{"href":"https:\/\/www.europesays.com\/fr\/wp-json\/wp\/v2\/types\/post"}],"author":[{"embeddable":true,"href":"https:\/\/www.europesays.com\/fr\/wp-json\/wp\/v2\/users\/2"}],"replies":[{"embeddable":true,"href":"https:\/\/www.europesays.com\/fr\/wp-json\/wp\/v2\/comments?post=350349"}],"version-history":[{"count":0,"href":"https:\/\/www.europesays.com\/fr\/wp-json\/wp\/v2\/posts\/350349\/revisions"}],"wp:featuredmedia":[{"embeddable":true,"href":"https:\/\/www.europesays.com\/fr\/wp-json\/wp\/v2\/media\/143712"}],"wp:attachment":[{"href":"https:\/\/www.europesays.com\/fr\/wp-json\/wp\/v2\/media?parent=350349"}],"wp:term":[{"taxonomy":"category","embeddable":true,"href":"https:\/\/www.europesays.com\/fr\/wp-json\/wp\/v2\/categories?post=350349"},{"taxonomy":"post_tag","embeddable":true,"href":"https:\/\/www.europesays.com\/fr\/wp-json\/wp\/v2\/tags?post=350349"}],"curies":[{"name":"wp","href":"https:\/\/api.w.org\/{rel}","templated":true}]}}