{"id":350350,"date":"2025-08-28T17:19:17","date_gmt":"2025-08-28T17:19:17","guid":{"rendered":"https:\/\/www.europesays.com\/fr\/350350\/"},"modified":"2025-08-28T17:19:17","modified_gmt":"2025-08-28T17:19:17","slug":"deuxieme-edition-du-festival-rouen-a-table","status":"publish","type":"post","link":"https:\/\/www.europesays.com\/fr\/350350\/","title":{"rendered":"Deuxi\u00e8me \u00e9dition du Festival Rouen \u00e0 Table !"},"content":{"rendered":"<p style=\"font-weight: 400\">Apr\u00e8s une premi\u00e8re \u00e9dition en 2024 qui avait accueilli plus de 120000 visiteurs, le festival Rouen \u00e0 Table\u00a0! revient pour une deuxi\u00e8me \u00e9dition, du 8 au 12 octobre.<\/p>\n<p style=\"font-weight: 400\">Plac\u00e9e sous le th\u00e8me du cin\u00e9ma, l\u2019\u00e9dition 2025 sera ponctu\u00e9e de rallyes gourmands et gastronomiques, d\u2019ateliers de chefs, de cours de cuisine, entre autres. Parmi les temps forts : la F\u00eate du Ventre qui met \u00e0 l\u2019honneur produits du terroir et artisans ; le Grand Go\u00fbter organis\u00e9 Place de la Cath\u00e9drale ; un \u00ab grand petit-d\u00e9jeuner \u00bb au sein de l\u2019Abbatiale Saint-Ouen ; le d\u00eener \u00ab Les chefs font leur cin\u00e9ma \u00bb, o\u00f9 seront propos\u00e9s des plats inspir\u00e9s de films ; ou encore un concours de courts-m\u00e9trages autour des produits normands (saint-jacques, poire et cidre).<\/p>\n<p style=\"font-weight: 400\">Toutes les informations sont \u00e0 retrouver sur le site de l\u2019\u00e9v\u00e9nement\u00a0:<a href=\"https:\/\/www.visiterouen.com\/reserver\/billetterie-rouen-a-table\/\" rel=\"nofollow noopener\" target=\"_blank\">https:\/\/www.visiterouen.com\/reserver\/billetterie-rouen-a-table\/<\/a><\/p>\n<p>A.G.<\/p>\n<p>\u00a0<\/p>\n<p><b>\u00c0 LIRE AUSSI\u2026<br \/><\/b><a href=\"https:\/\/www.lechef.com\/au-quotidien\/\" rel=\"nofollow noopener\" target=\"_blank\">&gt;\u00a0Les derni\u00e8res actualit\u00e9s du secteur<\/a><\/p>\n<p><\/p>\n","protected":false},"excerpt":{"rendered":"Apr\u00e8s une premi\u00e8re \u00e9dition en 2024 qui avait accueilli plus de 120000 visiteurs, le festival Rouen \u00e0 Table\u00a0!&hellip;\n","protected":false},"author":2,"featured_media":350351,"comment_status":"","ping_status":"","sticky":false,"template":"","format":"standard","meta":{"footnotes":""},"categories":[9587],"tags":[1111,11,1777,674,1011,27,12,5161,25,9590],"class_list":{"0":"post-350350","1":"post","2":"type-post","3":"status-publish","4":"format-standard","5":"has-post-thumbnail","7":"category-rouen","8":"tag-actu","9":"tag-actualites","10":"tag-eu","11":"tag-europe","12":"tag-fr","13":"tag-france","14":"tag-news","15":"tag-normandie","16":"tag-republique-francaise","17":"tag-rouen"},"share_on_mastodon":{"url":"https:\/\/pubeurope.com\/@fr\/115107539521655050","error":""},"_links":{"self":[{"href":"https:\/\/www.europesays.com\/fr\/wp-json\/wp\/v2\/posts\/350350","targetHints":{"allow":["GET"]}}],"collection":[{"href":"https:\/\/www.europesays.com\/fr\/wp-json\/wp\/v2\/posts"}],"about":[{"href":"https:\/\/www.europesays.com\/fr\/wp-json\/wp\/v2\/types\/post"}],"author":[{"embeddable":true,"href":"https:\/\/www.europesays.com\/fr\/wp-json\/wp\/v2\/users\/2"}],"replies":[{"embeddable":true,"href":"https:\/\/www.europesays.com\/fr\/wp-json\/wp\/v2\/comments?post=350350"}],"version-history":[{"count":0,"href":"https:\/\/www.europesays.com\/fr\/wp-json\/wp\/v2\/posts\/350350\/revisions"}],"wp:featuredmedia":[{"embeddable":true,"href":"https:\/\/www.europesays.com\/fr\/wp-json\/wp\/v2\/media\/350351"}],"wp:attachment":[{"href":"https:\/\/www.europesays.com\/fr\/wp-json\/wp\/v2\/media?parent=350350"}],"wp:term":[{"taxonomy":"category","embeddable":true,"href":"https:\/\/www.europesays.com\/fr\/wp-json\/wp\/v2\/categories?post=350350"},{"taxonomy":"post_tag","embeddable":true,"href":"https:\/\/www.europesays.com\/fr\/wp-json\/wp\/v2\/tags?post=350350"}],"curies":[{"name":"wp","href":"https:\/\/api.w.org\/{rel}","templated":true}]}}