{"id":350352,"date":"2025-08-28T17:20:12","date_gmt":"2025-08-28T17:20:12","guid":{"rendered":"https:\/\/www.europesays.com\/fr\/350352\/"},"modified":"2025-08-28T17:20:12","modified_gmt":"2025-08-28T17:20:12","slug":"les-inspecteurs-interrogent-aussi-les-patients","status":"publish","type":"post","link":"https:\/\/www.europesays.com\/fr\/350352\/","title":{"rendered":"les inspecteurs interrogent aussi les patients"},"content":{"rendered":"<p>Nouveau d\u00e9veloppement dans <a href=\"https:\/\/www.lalsace.fr\/sante\/2025\/07\/07\/des-cochons-priorises-sur-des-malades-du-cancer-a-l-ihu-une-enquete-en-cours-kobp\" target=\"_blank\" rel=\"nofollow noopener\">l\u2019affaire des cochons de l\u2019Institut hospitalo-universitaire de Strasbourg.<\/a> Apr\u00e8s avoir \u00e9pluch\u00e9 les dossiers du service d\u2019imagerie m\u00e9dicale de l\u2019IHU et auditionn\u00e9 les salari\u00e9s d\u00e9but juillet, l\u2019Inspection g\u00e9n\u00e9rale des affaires sociales (Igas) et l\u2019Inspection g\u00e9n\u00e9rale de l\u2019\u00e9ducation, du sport et de la recherche (IGESR) s\u2019int\u00e9ressent d\u00e9sormais aux patients.<\/p>\n<p>Les inspecteurs ont fait parvenir en cette fin du mois d\u2019ao\u00fbt un questionnaire aux patients ayant eu recours \u00e0 un examen (scanner ou IRM) entre janvier et juin de cette ann\u00e9e. Il leur est demand\u00e9 d\u2019\u00e9valuer la mani\u00e8re dont leur rendez-vous a \u00e9t\u00e9 pris en charge. Y a-t-il eu d\u00e9programmation\u00a0? Si oui, provenait-elle du centre d\u2019imagerie m\u00e9dicale de l\u2019IHU\u00a0? Quel motif a \u00e9t\u00e9 invoqu\u00e9\u00a0? Les malades en avaient-ils \u00e9t\u00e9 inform\u00e9s\u00a0?<\/p>\n<p>  Un questionnaire \u00e0 remplir avant le 5\u00a0septembre<\/p>\n<p>Le questionnaire, strictement anonyme, doit \u00eatre rempli en ligne par les patients ou leurs proches, jusqu\u2019au 5\u00a0septembre. Les r\u00e9ponses seront directement trait\u00e9es par le m\u00e9decin de l\u2019Igas.<\/p>\n<p>Les inspecteurs doivent d\u00e9terminer si des scanners et des IRM de patients atteints de cancer\u00a0<a href=\"https:\/\/www.dna.fr\/sante\/2025\/07\/07\/des-cochons-priorises-sur-des-malades-du-cancer-a-l-ihu-une-enquete-en-cours\" target=\"_blank\" rel=\"nofollow noopener\">ont \u00e9t\u00e9 d\u00e9programm\u00e9s au profit d\u2019exp\u00e9rimentations sur des cochons<\/a>. Et si, comme l\u2019ont d\u00e9nonc\u00e9 les salari\u00e9s \u00e0 de nombreuses reprises, leur sant\u00e9 a \u00e9t\u00e9 mise en danger. L\u2019Inspection g\u00e9n\u00e9rale des affaires sociales (Igas) et l\u2019Inspection g\u00e9n\u00e9rale de l\u2019\u00e9ducation, du sport et de la recherche (IGESR)\u00a0devraient rendre leurs conclusions au plus tard \u00e0 la fin du mois de septembre.<\/p>\n","protected":false},"excerpt":{"rendered":"Nouveau d\u00e9veloppement dans l\u2019affaire des cochons de l\u2019Institut hospitalo-universitaire de Strasbourg. Apr\u00e8s avoir \u00e9pluch\u00e9 les dossiers du service&hellip;\n","protected":false},"author":2,"featured_media":350353,"comment_status":"","ping_status":"","sticky":false,"template":"","format":"standard","meta":{"footnotes":""},"categories":[2820],"tags":[1111,11,2389,2649,1777,674,107,1011,27,775,12,25,71,640],"class_list":{"0":"post-350352","1":"post","2":"type-post","3":"status-publish","4":"format-standard","5":"has-post-thumbnail","7":"category-strasbourg","8":"tag-actu","9":"tag-actualites","10":"tag-alsace","11":"tag-bas-rhin","12":"tag-eu","13":"tag-europe","14":"tag-fil-info","15":"tag-fr","16":"tag-france","17":"tag-grand-est","18":"tag-news","19":"tag-republique-francaise","20":"tag-sante","21":"tag-strasbourg"},"share_on_mastodon":{"url":"https:\/\/pubeurope.com\/@fr\/115107543460004726","error":""},"_links":{"self":[{"href":"https:\/\/www.europesays.com\/fr\/wp-json\/wp\/v2\/posts\/350352","targetHints":{"allow":["GET"]}}],"collection":[{"href":"https:\/\/www.europesays.com\/fr\/wp-json\/wp\/v2\/posts"}],"about":[{"href":"https:\/\/www.europesays.com\/fr\/wp-json\/wp\/v2\/types\/post"}],"author":[{"embeddable":true,"href":"https:\/\/www.europesays.com\/fr\/wp-json\/wp\/v2\/users\/2"}],"replies":[{"embeddable":true,"href":"https:\/\/www.europesays.com\/fr\/wp-json\/wp\/v2\/comments?post=350352"}],"version-history":[{"count":0,"href":"https:\/\/www.europesays.com\/fr\/wp-json\/wp\/v2\/posts\/350352\/revisions"}],"wp:featuredmedia":[{"embeddable":true,"href":"https:\/\/www.europesays.com\/fr\/wp-json\/wp\/v2\/media\/350353"}],"wp:attachment":[{"href":"https:\/\/www.europesays.com\/fr\/wp-json\/wp\/v2\/media?parent=350352"}],"wp:term":[{"taxonomy":"category","embeddable":true,"href":"https:\/\/www.europesays.com\/fr\/wp-json\/wp\/v2\/categories?post=350352"},{"taxonomy":"post_tag","embeddable":true,"href":"https:\/\/www.europesays.com\/fr\/wp-json\/wp\/v2\/tags?post=350352"}],"curies":[{"name":"wp","href":"https:\/\/api.w.org\/{rel}","templated":true}]}}