{"id":350354,"date":"2025-08-28T17:21:12","date_gmt":"2025-08-28T17:21:12","guid":{"rendered":"https:\/\/www.europesays.com\/fr\/350354\/"},"modified":"2025-08-28T17:21:12","modified_gmt":"2025-08-28T17:21:12","slug":"pourquoi-les-pompiers-agissent-apres-24-heures","status":"publish","type":"post","link":"https:\/\/www.europesays.com\/fr\/350354\/","title":{"rendered":"pourquoi les pompiers agissent apr\u00e8s 24\u00a0heures"},"content":{"rendered":"<p>Le jeudi 7\u00a0ao\u00fbt, Val\u00e9rie Fabing, auxiliaire v\u00e9t\u00e9rinaire responsable de la <a href=\"https:\/\/www.dna.fr\/societe\/2025\/01\/07\/chien-qui-a-avale-un-preservatif-chat-en-detresse-respiratoire-ces-animaux-soignes-en-urgence-la-nuit-et-les-week-ends\" target=\"_blank\" rel=\"noopener\">Maison des urgences v\u00e9t\u00e9rinaires de Strasbourg<\/a> est alert\u00e9e par des habitants de la rue Bautain\u00a0: un chat est coinc\u00e9 depuis quelques heures dans un arbre. Le docteur Dan Levy est envoy\u00e9 sur place. \u00ab\u00a0Je n\u2019ai pas pu intervenir car il \u00e9tait coinc\u00e9 \u00e0 plus de dix m\u00e8tres de haut, raconte-t-il. J\u2019ai donc v\u00e9rifi\u00e9 que le chat ne saignait pas ou n\u2019\u00e9tait pas trop agit\u00e9.\u00a0\u00bb Le matou de type siamois est finalement rest\u00e9 plus de 24\u00a0heures dans l\u2019arbre. Mais alors pourquoi les pompiers mettent autant de temps \u00e0 intervenir\u00a0?<\/p>\n<p>  Une \u00e9quipe de pompiers sp\u00e9cialement form\u00e9e<\/p>\n<p>Ce genre de cas n\u2019est pas rare pour le <a href=\"https:\/\/www.dna.fr\/faits-divers-justice\/2025\/08\/02\/un-chantier-humain-sur-cinq-ans-moins-de-casernes-de-pompiers-pour-un-systeme-de-secours-plus-resilient-et-efficace\" target=\"_blank\" rel=\"noopener\">Service d\u2019incendie et de secours du Bas-Rhin (SIS 67)<\/a>. Le capitaine Vincent Vedel en d\u00e9nombre entre 30 et 50 chaque ann\u00e9e dans le d\u00e9partement. \u00ab\u00a0Le chat grimpe par r\u00e9flexe apr\u00e8s avoir eu peur d\u2019un chien ou d\u2019une voiture, explique-t-il. Il doit se forcer pour redescendre mais c\u2019est tr\u00e8s rare qu\u2019il ne puisse pas le faire seul.\u00a0\u00bb Les pompiers peuvent intervenir 24 \u00e0 48 heures plus tard si le chat n\u2019est pas en danger. \u00ab\u00a0Il arrive m\u00eame que le f\u00e9lin descende tout seul lorsque nous d\u00e9ployons les engins et l\u2019\u00e9chelle, comme s\u2019il comprenait que nous sommes l\u00e0 pour lui.\u00a0\u00bb<\/p>\n<p>Les interventions du SIS 67 n\u00e9cessitent donc de mobiliser des moyens importants pour des animaux g\u00e9n\u00e9ralement en bonne sant\u00e9 et capables de descendre par eux-m\u00eames. <a href=\"https:\/\/www.dna.fr\/faits-divers-justice\/2023\/06\/13\/tout-feu-tout-faune-avec-la-competence-risque-animalier-du-service-d-incendie-et-de-secours-du-bas-rhin\" target=\"_blank\" rel=\"noopener\">L\u2019\u00e9quipe sp\u00e9cialis\u00e9e dans le risque animalier (RAN)<\/a> , cr\u00e9\u00e9e en 2023, se d\u00e9ploie lorsque les animaux sont en danger. \u00ab\u00a0Nous sommes 64 \u00e0 avoir suivi 40 heures de formation, compl\u00e9t\u00e9es par une session de 12 heures chaque ann\u00e9e\u00a0\u00bb, indique Vincent Vedel. Le SIS 67 est donc habilit\u00e9 \u00e0 faire face aux dangers encourus ou caus\u00e9s par les animaux domestiques mais aussi les serpents, araign\u00e9es et autres esp\u00e8ces plus exotiques.<\/p>\n<p>  De bons gestes \u00e0 adopter<\/p>\n<p>Les pompiers basent leur d\u00e9lai d\u2019intervention sur la disponibilit\u00e9 des \u00e9quipes et sur les observations de l\u2019animal, confirm\u00e9es par le docteur Dan Levy. \u00ab\u00a0C\u2019est assez simple de rep\u00e9rer un animal en danger m\u00eame \u00e0 dix m\u00e8tres de haut. Les principaux signaux sont le sang et la d\u00e9tresse respiratoire d\u00e9tect\u00e9e par une vitesse anormale de l\u2019abdomen et une bouche grande ouverte.\u00a0\u00bb Reste que, comme tout \u00eatre vivant, les f\u00e9lins peuvent aussi paniquer dans ce genre de situation. \u00ab\u00a0La plupart du temps le chat est serein mais les miaulements aigus et le fait de tourner en rond peuvent traduire un stress.\u00a0\u00bb Dans tous les cas, le v\u00e9t\u00e9rinaire recommande de rester calme et de venir r\u00e9guli\u00e8rement v\u00e9rifier l\u2019\u00e9tat du chat.<\/p>\n<p>\u00ab\u00a0Le chat, particuli\u00e8rement le siamois, est curieux et lorsque les fen\u00eatres sont ouvertes il y voit une opportunit\u00e9 pour explorer le monde, explique Val\u00e9rie Fabing. Il a beau \u00eatre souple et r\u00e9sistant, les chutes peuvent lui \u00eatre fatales depuis un balcon situ\u00e9 \u00e0 plusieurs \u00e9tages.\u00a0\u00bb Cela peut expliquer les nombreux cas de \u00ab\u00a0chats parachutistes\u00a0\u00bb, terme utilis\u00e9 par les v\u00e9t\u00e9rinaires, lorsqu\u2019il fait chaud. D\u2019o\u00f9 l\u2019importance de surveiller rigoureusement son animal en \u00e9t\u00e9.<\/p>\n","protected":false},"excerpt":{"rendered":"Le jeudi 7\u00a0ao\u00fbt, Val\u00e9rie Fabing, auxiliaire v\u00e9t\u00e9rinaire responsable de la Maison des urgences v\u00e9t\u00e9rinaires de Strasbourg est alert\u00e9e&hellip;\n","protected":false},"author":2,"featured_media":350355,"comment_status":"","ping_status":"","sticky":false,"template":"","format":"standard","meta":{"footnotes":""},"categories":[2820],"tags":[1111,11,1867,2880,1777,674,107,1011,27,775,12,25,104,640,2879],"class_list":{"0":"post-350354","1":"post","2":"type-post","3":"status-publish","4":"format-standard","5":"has-post-thumbnail","7":"category-strasbourg","8":"tag-actu","9":"tag-actualites","10":"tag-animaux","11":"tag-edition-strasbourg","12":"tag-eu","13":"tag-europe","14":"tag-fil-info","15":"tag-fr","16":"tag-france","17":"tag-grand-est","18":"tag-news","19":"tag-republique-francaise","20":"tag-societe","21":"tag-strasbourg","22":"tag-strasbourg-ville"},"share_on_mastodon":{"url":"https:\/\/pubeurope.com\/@fr\/115107547428281802","error":""},"_links":{"self":[{"href":"https:\/\/www.europesays.com\/fr\/wp-json\/wp\/v2\/posts\/350354","targetHints":{"allow":["GET"]}}],"collection":[{"href":"https:\/\/www.europesays.com\/fr\/wp-json\/wp\/v2\/posts"}],"about":[{"href":"https:\/\/www.europesays.com\/fr\/wp-json\/wp\/v2\/types\/post"}],"author":[{"embeddable":true,"href":"https:\/\/www.europesays.com\/fr\/wp-json\/wp\/v2\/users\/2"}],"replies":[{"embeddable":true,"href":"https:\/\/www.europesays.com\/fr\/wp-json\/wp\/v2\/comments?post=350354"}],"version-history":[{"count":0,"href":"https:\/\/www.europesays.com\/fr\/wp-json\/wp\/v2\/posts\/350354\/revisions"}],"wp:featuredmedia":[{"embeddable":true,"href":"https:\/\/www.europesays.com\/fr\/wp-json\/wp\/v2\/media\/350355"}],"wp:attachment":[{"href":"https:\/\/www.europesays.com\/fr\/wp-json\/wp\/v2\/media?parent=350354"}],"wp:term":[{"taxonomy":"category","embeddable":true,"href":"https:\/\/www.europesays.com\/fr\/wp-json\/wp\/v2\/categories?post=350354"},{"taxonomy":"post_tag","embeddable":true,"href":"https:\/\/www.europesays.com\/fr\/wp-json\/wp\/v2\/tags?post=350354"}],"curies":[{"name":"wp","href":"https:\/\/api.w.org\/{rel}","templated":true}]}}