{"id":350356,"date":"2025-08-28T17:22:10","date_gmt":"2025-08-28T17:22:10","guid":{"rendered":"https:\/\/www.europesays.com\/fr\/350356\/"},"modified":"2025-08-28T17:22:10","modified_gmt":"2025-08-28T17:22:10","slug":"saint-jean-cap-ferrat-prestige-2025-le-mensuel","status":"publish","type":"post","link":"https:\/\/www.europesays.com\/fr\/350356\/","title":{"rendered":"Saint-Jean-Cap-Ferrat Prestige 2025 &#8211; Le Mensuel"},"content":{"rendered":"<p>\t\t\t\t\tCOUPS DE COEUR<\/p>\n<p>\t\t\t\t\t\tBy\u00a0<a href=\"https:\/\/www.le-mensuel.com\/author\/morgane\/\" title=\"Articles par Morgane Le Mensuel\" rel=\"author nofollow noopener\" target=\"_blank\">Morgane Le Mensuel<\/a>\u00a0|\u00a028 ao\u00fbt 2025<\/p>\n<p>\t\t\t\t\t\t<b>Saint-Jean-Cap-Ferrat Prestige 2025<\/b><br \/>\nevents \/ expo \/ vintage \/ animations \/ savoir-faire \/ parade<\/p>\n<ul>\n<li>13 &gt; 14 septembre 2025 \/ 9:30 &gt; 18:00 \/ Saint-Jean-Cap-Ferrat \/ Place du Centenaire \/ Gratuit \/ <a href=\"https:\/\/www.saintjeancapferrat-prestige.com\/fr\/\" target=\"_blank\" rel=\"noopener nofollow\">infos ici !<\/a><\/li>\n<\/ul>\n<p>\u00a0<\/p>\n<p><b>Saint-Jean-Cap-Ferrat Prestige 2025 : L\u2019\u00e9l\u00e9gance en bord de mer<\/b><\/p>\n<p>\u00a0<\/p>\n<p>Chaque rentr\u00e9e, la presqu\u2019\u00eele azur\u00e9enne se transforme en <b>\u00e9crin pour les plus belles m\u00e9caniques : Saint-Jean-Cap-Ferrat Prestige<\/b> revient les 13 et 14 septembre pour une 11\u00e8me \u00e9dition plac\u00e9e sous le signe de \u00ab\u00a0L\u2019Europe, cr\u00e9atrice d\u2019automobiles\u00a0\u00bb. <b>Chromes \u00e9clatants, lignes rac\u00e9es et histoires de l\u00e9gendes se d\u00e9voilent<\/b> ainsi dans un d\u00e9cor unique entre mer et palmiers !<\/p>\n<p>Au programme (et c\u2019est tout nouveau !), <b>une myriade de pavillons th\u00e9matiques<\/b> qui feront battre le c\u0153ur des amateurs comme des curieux : <b>hommage \u00e0 Jaguar<\/b>, focus sur la mythique et rarissime <b>Monte Carlo Automobile \u00ab\u00a0Centenaire\u00a0\u00bb<\/b> (seulement 18 exemplaires dans le monde), mod\u00e8les embl\u00e9matiques de chez <b>Volvo<\/b>, voitures issues de la <b>collection du Prince Albert II<\/b>, ou encore un espace d\u00e9di\u00e9 aux grandes heures du sport automobile. Sans oublier <b>les artisans tapissiers, selliers et restaurateurs<\/b>, r\u00e9unis pour montrer un savoir-faire qui perp\u00e9tue l\u2019\u00e2me de ces bijoux roulants\u2026<\/p>\n<p><b>Moment fort du week-end : le Concours d\u2019\u00e9l\u00e9gance<\/b> \u2013 labellis\u00e9 par la F\u00e9d\u00e9ration Fran\u00e7aise des V\u00e9hicules d\u2019\u00c9poque \u2013 qui mettra en sc\u00e8ne des mod\u00e8les historiques jug\u00e9s autant sur leur esth\u00e9tique que sur leur authenticit\u00e9. <b>Le public sera invit\u00e9 \u00e0 voter pour son coup de c\u0153ur<\/b>, donnant \u00e0 l\u2019\u00e9v\u00e8nement une dimension conviviale et participative.<\/p>\n<p>Et parce que la passion se transmet le plus t\u00f4t possible, un <b>Village Kids<\/b> enti\u00e8rement gratuit attend les bambins avec <b>ateliers cr\u00e9atifs, mini-circuits et voitures \u00e9lectriques !<\/b> Un moyen ludique de faire na\u00eetre de futures vocations\u2026 Gratuit et ouvert \u00e0 tous, Saint-Jean-Cap-Ferrat Prestige r\u00e9ussit chaque ann\u00e9e le pari de conjuguer <b>patrimoine, raffinement et plaisir \u00e0 partager !<\/b><\/p>\n<p>\u00a0<\/p>\n<p style=\"text-align: right;\">\u00a9 Morgane Las Dit Peisson pour Le Mensuel \/ Photo Saint-Jean-Cap-Ferrat Prestige<\/p>\n<p>\u00a0<\/p>\n<p>\u00a0<\/p>\n<p><a href=\"https:\/\/www.le-mensuel.com\/category\/coups-de-coeur\/events\/\" rel=\"nofollow noopener\" target=\"_blank\">\u21b5\u00a0Retour vers la rubrique \u00ab\u00a0events\u00a0\u00bb<\/a><\/p>\n<p><b>\u00a0 \u00a0 \u00a0<\/b><\/p>\n<p>\u00a0<\/p>\n","protected":false},"excerpt":{"rendered":"COUPS DE COEUR By\u00a0Morgane Le Mensuel\u00a0|\u00a028 ao\u00fbt 2025 Saint-Jean-Cap-Ferrat Prestige 2025 events \/ expo \/ vintage \/ animations&hellip;\n","protected":false},"author":2,"featured_media":350357,"comment_status":"","ping_status":"","sticky":false,"template":"","format":"standard","meta":{"footnotes":""},"categories":[2819],"tags":[1111,11,1777,674,1011,27,12,2401,882,25],"class_list":{"0":"post-350356","1":"post","2":"type-post","3":"status-publish","4":"format-standard","5":"has-post-thumbnail","7":"category-nice","8":"tag-actu","9":"tag-actualites","10":"tag-eu","11":"tag-europe","12":"tag-fr","13":"tag-france","14":"tag-news","15":"tag-nice","16":"tag-provence-alpes-cote-dazur","17":"tag-republique-francaise"},"share_on_mastodon":{"url":"https:\/\/pubeurope.com\/@fr\/115107551229272371","error":""},"_links":{"self":[{"href":"https:\/\/www.europesays.com\/fr\/wp-json\/wp\/v2\/posts\/350356","targetHints":{"allow":["GET"]}}],"collection":[{"href":"https:\/\/www.europesays.com\/fr\/wp-json\/wp\/v2\/posts"}],"about":[{"href":"https:\/\/www.europesays.com\/fr\/wp-json\/wp\/v2\/types\/post"}],"author":[{"embeddable":true,"href":"https:\/\/www.europesays.com\/fr\/wp-json\/wp\/v2\/users\/2"}],"replies":[{"embeddable":true,"href":"https:\/\/www.europesays.com\/fr\/wp-json\/wp\/v2\/comments?post=350356"}],"version-history":[{"count":0,"href":"https:\/\/www.europesays.com\/fr\/wp-json\/wp\/v2\/posts\/350356\/revisions"}],"wp:featuredmedia":[{"embeddable":true,"href":"https:\/\/www.europesays.com\/fr\/wp-json\/wp\/v2\/media\/350357"}],"wp:attachment":[{"href":"https:\/\/www.europesays.com\/fr\/wp-json\/wp\/v2\/media?parent=350356"}],"wp:term":[{"taxonomy":"category","embeddable":true,"href":"https:\/\/www.europesays.com\/fr\/wp-json\/wp\/v2\/categories?post=350356"},{"taxonomy":"post_tag","embeddable":true,"href":"https:\/\/www.europesays.com\/fr\/wp-json\/wp\/v2\/tags?post=350356"}],"curies":[{"name":"wp","href":"https:\/\/api.w.org\/{rel}","templated":true}]}}