{"id":350358,"date":"2025-08-28T17:23:11","date_gmt":"2025-08-28T17:23:11","guid":{"rendered":"https:\/\/www.europesays.com\/fr\/350358\/"},"modified":"2025-08-28T17:23:11","modified_gmt":"2025-08-28T17:23:11","slug":"nice-j-1-avant-la-critical-mass-du-mois-daout","status":"publish","type":"post","link":"https:\/\/www.europesays.com\/fr\/350358\/","title":{"rendered":"NICE : J-1 avant la Critical Mass du mois d&rsquo;ao\u00fbt !"},"content":{"rendered":"<p><strong>La Critical Mass, une parade cycliste festive, se tiendra ce vendredi 29 ao\u00fbt \u00e0 Nice. Les participants sont invit\u00e9s \u00e0 se rassembler \u00e0 Rauba Capeu \u00e0 partir de 19 heures, avec un d\u00e9part pr\u00e9vu \u00e0 19h30.<\/strong><\/p>\n<p>La <strong>Masse Critique<\/strong> \u00e0 v\u00e9lo (ou <strong>V\u00e9lorution<\/strong>) est une co\u00efncidence organis\u00e9e\u2026 le dernier vendredi de chaque mois, des cyclistes se retrouvent au m\u00eame endroit, \u00e0 la m\u00eame heure et d\u00e9cident de parcourir ensemble les rues de Nice.<\/p>\n<p>Les participants essayent de former le groupe le plus compact possible. De cette mani\u00e8re, ils r\u00e9sistent mieux \u00e0 la pression du trafic automobile qui les entoure. Unis, elles et ils sont une seule et grande entit\u00e9 qui peut imposer son rythme. Le groupe devient un refuge ouvert. On peut le rejoindre ou le quitter \u00e0 tout moment. Il supprime le sentiment de vuln\u00e9rabilit\u00e9 ressenti quand on est seul \u00e0 v\u00e9lo au milieu des voitures.<\/p>\n<p><strong>Informations pratiques<\/strong><\/p>\n<p>\u2013\u00a0<strong>Date<\/strong>\u00a0: Vendredi 29 ao\u00fbt<br \/>\u2013\u00a0<strong>Lieu<\/strong>\u00a0: Rauba Capeu \u00e0 Nice<br \/>\u2013\u00a0<strong>Heure de rendez-vous<\/strong>\u00a0: 19 heures<br \/>\u2013\u00a0<strong>Heure de d\u00e9part<\/strong>\u00a0: 19h30<\/p>\n<p>Photo Une : <a href=\"https:\/\/criticalmassnice.com\/\" rel=\"nofollow noopener\" target=\"_blank\">https:\/\/criticalmassnice.com\/<\/a><\/p>\n<p>Pour plus d\u2019informations, vous pouvez consulter le lien suivant : <a href=\"https:\/\/criticalmassnice.com\/a-propos\/\" rel=\"nofollow noopener\" target=\"_blank\">en savoir plus<\/a><\/p>\n","protected":false},"excerpt":{"rendered":"La Critical Mass, une parade cycliste festive, se tiendra ce vendredi 29 ao\u00fbt \u00e0 Nice. Les participants sont&hellip;\n","protected":false},"author":2,"featured_media":350359,"comment_status":"","ping_status":"","sticky":false,"template":"","format":"standard","meta":{"footnotes":""},"categories":[2819],"tags":[1111,11,1777,674,1011,27,12,2401,882,25],"class_list":{"0":"post-350358","1":"post","2":"type-post","3":"status-publish","4":"format-standard","5":"has-post-thumbnail","7":"category-nice","8":"tag-actu","9":"tag-actualites","10":"tag-eu","11":"tag-europe","12":"tag-fr","13":"tag-france","14":"tag-news","15":"tag-nice","16":"tag-provence-alpes-cote-dazur","17":"tag-republique-francaise"},"share_on_mastodon":{"url":"https:\/\/pubeurope.com\/@fr\/115107555189706246","error":""},"_links":{"self":[{"href":"https:\/\/www.europesays.com\/fr\/wp-json\/wp\/v2\/posts\/350358","targetHints":{"allow":["GET"]}}],"collection":[{"href":"https:\/\/www.europesays.com\/fr\/wp-json\/wp\/v2\/posts"}],"about":[{"href":"https:\/\/www.europesays.com\/fr\/wp-json\/wp\/v2\/types\/post"}],"author":[{"embeddable":true,"href":"https:\/\/www.europesays.com\/fr\/wp-json\/wp\/v2\/users\/2"}],"replies":[{"embeddable":true,"href":"https:\/\/www.europesays.com\/fr\/wp-json\/wp\/v2\/comments?post=350358"}],"version-history":[{"count":0,"href":"https:\/\/www.europesays.com\/fr\/wp-json\/wp\/v2\/posts\/350358\/revisions"}],"wp:featuredmedia":[{"embeddable":true,"href":"https:\/\/www.europesays.com\/fr\/wp-json\/wp\/v2\/media\/350359"}],"wp:attachment":[{"href":"https:\/\/www.europesays.com\/fr\/wp-json\/wp\/v2\/media?parent=350358"}],"wp:term":[{"taxonomy":"category","embeddable":true,"href":"https:\/\/www.europesays.com\/fr\/wp-json\/wp\/v2\/categories?post=350358"},{"taxonomy":"post_tag","embeddable":true,"href":"https:\/\/www.europesays.com\/fr\/wp-json\/wp\/v2\/tags?post=350358"}],"curies":[{"name":"wp","href":"https:\/\/api.w.org\/{rel}","templated":true}]}}