{"id":350374,"date":"2025-08-28T17:31:10","date_gmt":"2025-08-28T17:31:10","guid":{"rendered":"https:\/\/www.europesays.com\/fr\/350374\/"},"modified":"2025-08-28T17:31:10","modified_gmt":"2025-08-28T17:31:10","slug":"fc-lorient-j3-deux-alertes-a-deux-jours-du-match-face-a-lille","status":"publish","type":"post","link":"https:\/\/www.europesays.com\/fr\/350374\/","title":{"rendered":"FC Lorient &#8211; J3 : Deux alertes \u00e0 deux jours du match face \u00e0 Lille"},"content":{"rendered":"<p><strong>Large vainqueur du Stade Rennais le week-end dernier, le<br \/>\nFC Lorient esp\u00e8re encha\u00eener devant son public ce samedi \u00e0 17h face<br \/>\nau LOSC.<\/strong><\/p>\n<p>A deux jours de cette rencontre de la troisi\u00e8me journ\u00e9e de Ligue<br \/>\n1, Olivier Pantaloni \u00e9tait pr\u00e9sent en conf\u00e9rence de presse<br \/>\nd\u2019avant-match. Alors que\u00a0<strong>Laurent<br \/>\nAbergel\u00a0<\/strong>et\u00a0<strong>Arthur<br \/>\nAvom\u00a0<\/strong>n\u2019\u00e9taient pas pr\u00e9sents \u00e0 l\u2019entra\u00eenement du jour,<br \/>\nle technicien breton a rassur\u00e9 sur la pr\u00e9sence des deux joueurs ce<br \/>\nweek-end, uniquement pr\u00e9serv\u00e9s par pr\u00e9caution.\u00a0<strong>Noah<br \/>\nCadiou\u00a0<\/strong>a lui repris l\u2019entra\u00eenement avec le reste de<br \/>\nses co\u00e9quipiers et postule \u00e0 une place dans le groupe, au contraire<br \/>\nde\u00a0<strong>Bandiougou Fadiga<\/strong>,\u00a0<strong>Nathaniel<br \/>\nAdjei\u00a0<\/strong>mais aussi\u00a0<strong>Pablo Pagis<\/strong>,<br \/>\ntouch\u00e9 au mollet et absent trois \u00e0 quatre semaines.<\/p>\n","protected":false},"excerpt":{"rendered":"Large vainqueur du Stade Rennais le week-end dernier, le FC Lorient esp\u00e8re encha\u00eener devant son public ce samedi&hellip;\n","protected":false},"author":2,"featured_media":350375,"comment_status":"","ping_status":"","sticky":false,"template":"","format":"standard","meta":{"footnotes":""},"categories":[2815],"tags":[1111,11,1777,674,1011,27,811,1307,12,25],"class_list":{"0":"post-350374","1":"post","2":"type-post","3":"status-publish","4":"format-standard","5":"has-post-thumbnail","7":"category-lille","8":"tag-actu","9":"tag-actualites","10":"tag-eu","11":"tag-europe","12":"tag-fr","13":"tag-france","14":"tag-hauts-de-france","15":"tag-lille","16":"tag-news","17":"tag-republique-francaise"},"share_on_mastodon":{"url":"https:\/\/pubeurope.com\/@fr\/115107586599755261","error":""},"_links":{"self":[{"href":"https:\/\/www.europesays.com\/fr\/wp-json\/wp\/v2\/posts\/350374","targetHints":{"allow":["GET"]}}],"collection":[{"href":"https:\/\/www.europesays.com\/fr\/wp-json\/wp\/v2\/posts"}],"about":[{"href":"https:\/\/www.europesays.com\/fr\/wp-json\/wp\/v2\/types\/post"}],"author":[{"embeddable":true,"href":"https:\/\/www.europesays.com\/fr\/wp-json\/wp\/v2\/users\/2"}],"replies":[{"embeddable":true,"href":"https:\/\/www.europesays.com\/fr\/wp-json\/wp\/v2\/comments?post=350374"}],"version-history":[{"count":0,"href":"https:\/\/www.europesays.com\/fr\/wp-json\/wp\/v2\/posts\/350374\/revisions"}],"wp:featuredmedia":[{"embeddable":true,"href":"https:\/\/www.europesays.com\/fr\/wp-json\/wp\/v2\/media\/350375"}],"wp:attachment":[{"href":"https:\/\/www.europesays.com\/fr\/wp-json\/wp\/v2\/media?parent=350374"}],"wp:term":[{"taxonomy":"category","embeddable":true,"href":"https:\/\/www.europesays.com\/fr\/wp-json\/wp\/v2\/categories?post=350374"},{"taxonomy":"post_tag","embeddable":true,"href":"https:\/\/www.europesays.com\/fr\/wp-json\/wp\/v2\/tags?post=350374"}],"curies":[{"name":"wp","href":"https:\/\/api.w.org\/{rel}","templated":true}]}}