{"id":350380,"date":"2025-08-28T17:34:16","date_gmt":"2025-08-28T17:34:16","guid":{"rendered":"https:\/\/www.europesays.com\/fr\/350380\/"},"modified":"2025-08-28T17:34:16","modified_gmt":"2025-08-28T17:34:16","slug":"comment-ces-commercants-jonglent-entre-conges-et-survie-economique","status":"publish","type":"post","link":"https:\/\/www.europesays.com\/fr\/350380\/","title":{"rendered":"comment ces commer\u00e7ants jonglent entre cong\u00e9s et survie \u00e9conomique\ufeff"},"content":{"rendered":"<p>\u00ab\u00a0On revient tout juste de vacances\u00a0!\u00a0\u00bb lance, sourire aux l\u00e8vres, Elisa, vendeuse \u00e0 L\u2019Id\u00e9al, boutique de pr\u00eat-\u00e0-porter du centre-ville de Tassin-la-Demi-Lune. Comme beaucoup, son magasin a baiss\u00e9 le rideau une quinzaine de jours en ao\u00fbt. \u00ab\u00a0C\u2019est logique\u00a0\u00bb, estime-t-elle. \u00ab\u00a0Beaucoup de commer\u00e7ants ferment autour du 15\u00a0ao\u00fbt\u00a0: la ville est vide, l\u2019activit\u00e9 est faible. \u00c9conomiquement, il vaut mieux mettre tout le monde en cong\u00e9.\u00a0\u00bb<\/p>\n<p>\u00c0 la librairie&#8230;<\/p>\n","protected":false},"excerpt":{"rendered":"\u00ab\u00a0On revient tout juste de vacances\u00a0!\u00a0\u00bb lance, sourire aux l\u00e8vres, Elisa, vendeuse \u00e0 L\u2019Id\u00e9al, boutique de pr\u00eat-\u00e0-porter du&hellip;\n","protected":false},"author":2,"featured_media":350381,"comment_status":"","ping_status":"","sticky":false,"template":"","format":"standard","meta":{"footnotes":""},"categories":[1889],"tags":[1111,11,2430,4406,33,3153,1777,674,1011,27,2428,12,25,2429,104,20283,20284],"class_list":{"0":"post-350380","1":"post","2":"type-post","3":"status-publish","4":"format-standard","5":"has-post-thumbnail","7":"category-lyon","8":"tag-actu","9":"tag-actualites","10":"tag-auvergne-rhone-alpes","11":"tag-commerce-et-services","12":"tag-economie","13":"tag-edition-ouest-lyonnais","14":"tag-eu","15":"tag-europe","16":"tag-fr","17":"tag-france","18":"tag-lyon","19":"tag-news","20":"tag-republique-francaise","21":"tag-rhone","22":"tag-societe","23":"tag-tassin-la-demi-lune","24":"tag-tassin-la-demi-lune-bassin"},"share_on_mastodon":{"url":"https:\/\/pubeurope.com\/@fr\/115107598391841782","error":""},"_links":{"self":[{"href":"https:\/\/www.europesays.com\/fr\/wp-json\/wp\/v2\/posts\/350380","targetHints":{"allow":["GET"]}}],"collection":[{"href":"https:\/\/www.europesays.com\/fr\/wp-json\/wp\/v2\/posts"}],"about":[{"href":"https:\/\/www.europesays.com\/fr\/wp-json\/wp\/v2\/types\/post"}],"author":[{"embeddable":true,"href":"https:\/\/www.europesays.com\/fr\/wp-json\/wp\/v2\/users\/2"}],"replies":[{"embeddable":true,"href":"https:\/\/www.europesays.com\/fr\/wp-json\/wp\/v2\/comments?post=350380"}],"version-history":[{"count":0,"href":"https:\/\/www.europesays.com\/fr\/wp-json\/wp\/v2\/posts\/350380\/revisions"}],"wp:featuredmedia":[{"embeddable":true,"href":"https:\/\/www.europesays.com\/fr\/wp-json\/wp\/v2\/media\/350381"}],"wp:attachment":[{"href":"https:\/\/www.europesays.com\/fr\/wp-json\/wp\/v2\/media?parent=350380"}],"wp:term":[{"taxonomy":"category","embeddable":true,"href":"https:\/\/www.europesays.com\/fr\/wp-json\/wp\/v2\/categories?post=350380"},{"taxonomy":"post_tag","embeddable":true,"href":"https:\/\/www.europesays.com\/fr\/wp-json\/wp\/v2\/tags?post=350380"}],"curies":[{"name":"wp","href":"https:\/\/api.w.org\/{rel}","templated":true}]}}