{"id":350382,"date":"2025-08-28T17:35:23","date_gmt":"2025-08-28T17:35:23","guid":{"rendered":"https:\/\/www.europesays.com\/fr\/350382\/"},"modified":"2025-08-28T17:35:23","modified_gmt":"2025-08-28T17:35:23","slug":"trafic-perturbe-sur-la-lgv-entre-paris-et-lyon-retour-au-trafic-normal-prevu-vendredi-matin-28-08-2025-a-1923","status":"publish","type":"post","link":"https:\/\/www.europesays.com\/fr\/350382\/","title":{"rendered":"Trafic perturb\u00e9 sur la LGV entre Paris et Lyon: retour au \u00ab\u00a0trafic normal\u00a0\u00bb pr\u00e9vu vendredi matin &#8211; 28\/08\/2025 \u00e0 19:23"},"content":{"rendered":"<p>        <img fetchpriority=\"high\" decoding=\"async\" src=\"https:\/\/www.europesays.com\/fr\/wp-content\/uploads\/2025\/08\/3b67db86c54afc1452be27243c6e0670-760x505.jpg\" alt=\"Le retour au trafic normal est pr\u00e9vu vendredi matin apr\u00e8s des perturbations dues \u00e0 un vol de c\u00e2ble sur la LGV entre Paris et Lyon ( AFP \/ ELSA RANCEL )\" loading=\"eager\" width=\"760\" height=\"505\" style=\"max-width: 100%!important; height: auto;\"\/><\/p>\n<p class=\"c-image-news__legend\">Le retour au trafic normal est pr\u00e9vu vendredi matin apr\u00e8s des perturbations dues \u00e0 un vol de c\u00e2ble sur la LGV entre Paris et Lyon ( AFP \/ ELSA RANCEL )<\/p>\n<p>\n Le retour au \u00ab\u00a0trafic normal\u00a0\u00bb est pr\u00e9vu \u00ab\u00a0vendredi matin\u00a0\u00bb, apr\u00e8s des perturbations dues \u00e0 un vol de c\u00e2ble sur la LGV entre Paris et Lyon, a indiqu\u00e9 \u00e0 l&rsquo;AFP SNCF R\u00e9seau.\n<\/p>\n<p>\n Depuis jeudi matin, la ligne \u00e0 grande vitesse \u00ab\u00a0Sud-Est\u00a0\u00bb conna\u00eet de fortes perturbations, dans les deux sens, avec \u00ab\u00a0des retards pouvant aller jusqu&rsquo;\u00e0 2 heures\u00a0\u00bb, affirme SNCF voyageurs sur son site internet.\n<\/p>\n<p>\n La gare Paris Gare de Lyon affiche cependant des retards de 4H20 pour un TGV Lausanne &#8211; Paris, ou encore 3H30 pour un train Lyon Part-Dieu &#8211; Paris, sur le site internet de la SNCF Gare et Connexions.\n<\/p>\n<p>\n \u00ab\u00a0Le diagnostic technique a \u00e9t\u00e9 r\u00e9alis\u00e9 et les travaux de r\u00e9tablissement des installations vont durer plusieurs heures\u00a0\u00bb, pr\u00e9cise SNCF Voyageurs.\n<\/p>\n<p>\n Le vol de c\u00e2bles a eu lieu en Bourgogne, indique SNCF R\u00e9seau aupr\u00e8s de l&rsquo;AFP, qui pr\u00e9cise que ses \u00e9quipes travailleront dans la nuit de jeudi \u00e0 vendredi afin de ne pas couper compl\u00e8tement de trafic de voyageurs.\n<\/p>\n<p>\n Afin d&rsquo;\u00e9viter la zone de l&rsquo;incident \u00ab\u00a0certains trains empruntent un itin\u00e9raire alternatif via la ligne classique\u00a0\u00bb, compl\u00e8te SNCF Voyageurs.<\/p>\n","protected":false},"excerpt":{"rendered":"Le retour au trafic normal est pr\u00e9vu vendredi matin apr\u00e8s des perturbations dues \u00e0 un vol de c\u00e2ble&hellip;\n","protected":false},"author":2,"featured_media":350383,"comment_status":"","ping_status":"","sticky":false,"template":"","format":"standard","meta":{"footnotes":""},"categories":[1889],"tags":[400,1111,11,2430,398,408,405,1777,674,1011,27,403,402,399,2428,404,12,25,401,406,407],"class_list":{"0":"post-350382","1":"post","2":"type-post","3":"status-publish","4":"format-standard","5":"has-post-thumbnail","7":"category-lyon","8":"tag-action-cac-40","9":"tag-actu","10":"tag-actualites","11":"tag-auvergne-rhone-alpes","12":"tag-bourse-de-paris","13":"tag-boursorama","14":"tag-cotations","15":"tag-eu","16":"tag-europe","17":"tag-fr","18":"tag-france","19":"tag-indices-devises","20":"tag-investir","21":"tag-investissement","22":"tag-lyon","23":"tag-marche-boursier","24":"tag-news","25":"tag-republique-francaise","26":"tag-sicav","27":"tag-trackers","28":"tag-warrants"},"share_on_mastodon":{"url":"https:\/\/pubeurope.com\/@fr\/115107602345329089","error":""},"_links":{"self":[{"href":"https:\/\/www.europesays.com\/fr\/wp-json\/wp\/v2\/posts\/350382","targetHints":{"allow":["GET"]}}],"collection":[{"href":"https:\/\/www.europesays.com\/fr\/wp-json\/wp\/v2\/posts"}],"about":[{"href":"https:\/\/www.europesays.com\/fr\/wp-json\/wp\/v2\/types\/post"}],"author":[{"embeddable":true,"href":"https:\/\/www.europesays.com\/fr\/wp-json\/wp\/v2\/users\/2"}],"replies":[{"embeddable":true,"href":"https:\/\/www.europesays.com\/fr\/wp-json\/wp\/v2\/comments?post=350382"}],"version-history":[{"count":0,"href":"https:\/\/www.europesays.com\/fr\/wp-json\/wp\/v2\/posts\/350382\/revisions"}],"wp:featuredmedia":[{"embeddable":true,"href":"https:\/\/www.europesays.com\/fr\/wp-json\/wp\/v2\/media\/350383"}],"wp:attachment":[{"href":"https:\/\/www.europesays.com\/fr\/wp-json\/wp\/v2\/media?parent=350382"}],"wp:term":[{"taxonomy":"category","embeddable":true,"href":"https:\/\/www.europesays.com\/fr\/wp-json\/wp\/v2\/categories?post=350382"},{"taxonomy":"post_tag","embeddable":true,"href":"https:\/\/www.europesays.com\/fr\/wp-json\/wp\/v2\/tags?post=350382"}],"curies":[{"name":"wp","href":"https:\/\/api.w.org\/{rel}","templated":true}]}}