{"id":350386,"date":"2025-08-28T17:37:09","date_gmt":"2025-08-28T17:37:09","guid":{"rendered":"https:\/\/www.europesays.com\/fr\/350386\/"},"modified":"2025-08-28T17:37:09","modified_gmt":"2025-08-28T17:37:09","slug":"pres-de-300-enfants-dorment-a-la-rue-a-la-veille-de-la-rentree-en-ile-de-france","status":"publish","type":"post","link":"https:\/\/www.europesays.com\/fr\/350386\/","title":{"rendered":"pr\u00e8s de 300 enfants dorment \u00e0 la rue \u00e0 la veille de la rentr\u00e9e en \u00cele-de-France"},"content":{"rendered":"<p>            Par<br \/>\n        <strong><br \/>\n            <a href=\"https:\/\/actu.fr\/auteur\/julie-bossart-actu-fr\" title=\"Consulter tous les articles de Julie Bossart\" rel=\"nofollow noopener\" target=\"_blank\">Julie Bossart<\/a><br \/>\n        <\/strong><\/p>\n<p>        Publi\u00e9 le<\/p>\n<p>            28 ao\u00fbt 2025 \u00e0 19h14        <\/p>\n<p>\u00ab\u2009Le constat est accablant.\u2009\u00bb Dans un communiqu\u00e9 publi\u00e9 ce jeudi 28\u00a0ao\u00fbt 2025, l\u2019Unicef France et la F\u00e9d\u00e9ration des acteurs de la solidarit\u00e9 (FAS) \u2013 en lien avec le Collectif des Associations pour le Logement (CAL), rendent compte de leur <a href=\"https:\/\/www.villeamiedesenfants.fr\/article\/barometre-unicef-fas-2159-enfants-a-la-rue-en-2025\/\" rel=\"nofollow noopener\" target=\"_blank\">barom\u00e8tre annuel<\/a> sur les enfants qui dorment \u00e0 la rue. Un d\u00e9compte effectu\u00e9 depuis sept ans d\u00e9sormais, et qui est chaque fois plus alarmant. \u00ab\u2009Malgr\u00e9 les promesses r\u00e9p\u00e9t\u00e9es des gouvernements successifs, la situation s\u2019aggrave ann\u00e9e apr\u00e8s ann\u00e9e\u2009\u00bb, \u00ab\u2009de fa\u00e7on silencieuse et sur tout le territoire\u2009\u00bb, d\u00e9nonce l\u2019Unicef. L\u2019<a href=\"https:\/\/actu.fr\/ile-de-france\/\" rel=\"nofollow noopener\" target=\"_blank\">\u00cele-de-France<\/a> n\u2019est pas \u00e9pargn\u00e9e.<\/p>\n<p>\u00ab\u00a0Des chiffres non exhaustifs\u00a0\u00bb<\/p>\n<p class=\" wall-content\">Ainsi, \u00ab\u2009\u00e0 la veille de la rentr\u00e9e scolaire 2025 [dans la nuit du 18 au 19\u00a0ao\u00fbt plus pr\u00e9cis\u00e9ment], au moins 924\u00a0enfants, dont 286 de moins de 3\u00a0ans, sont rest\u00e9s sans solution d\u2019h\u00e9bergement apr\u00e8s un appel [de leur famille] au 115\u2009\u00bb dans notre r\u00e9gion*. Des chiffres qui marquent \u00ab\u2009une augmentation du nombre d\u2019enfants sans solution de <a href=\"https:\/\/actu.fr\/ile-de-france\/paris_75056\/ile-de-france-plus-de-1-400-familles-avec-des-enfants-vivent-dans-la-rue-selon-l-unicef_61541761.html\" rel=\"nofollow noopener\" target=\"_blank\">24\u2009% par rapport \u00e0 2024<\/a> et de 39\u2009% depuis 2022, ann\u00e9e o\u00f9 le gouvernement s\u2019\u00e9tait engag\u00e9 \u00e0 atteindre l\u2019objectif du z\u00e9ro enfant \u00e0 la rue\u00bb, recontextualisent les auteurs du barom\u00e8tre.<\/p>\n<p class=\" wall-content\">Plus largement, 1760 familles sont rest\u00e9es sans solution d\u2019h\u00e9bergement \u00e0 la suite de leur appel au 115, dont 552 habitant \u00e0 Paris et 403 en Seine-Saint-Denis (+30% par rapport \u00e0 2024 dans ce dernier d\u00e9partement).<\/p>\n<p class=\" wall-content\">Pire, ces chiffres ne sont pas exhaustifs, puisque \u00ab\u2009de nombreuses personnes ne recourent pas ou ne parviennent pas \u00e0 joindre le 115\u2009\u00bb et que \u00ab\u2009les mineurs non accompagn\u00e9s sans abri et les familles vivant en squats ou en bidonvilles ne sont pas comptabilis\u00e9s\u2009\u00bb.<\/p>\n<p class=\" wall-content\">L\u2019Unicef enfonce le clou, en rappelant que si certains enfants vivent \u00e0 la rue, ils y sont n\u00e9s et y meurent. \u00c0 l\u2019\u00e9chelle nationale, 855\u00a0personnes sont d\u00e9c\u00e9d\u00e9es dans ce contexte en 2024. Parmi elles, 31\u00a0enfants. \u00ab\u2009Cette situation intol\u00e9rable illustre un blocage structurel des droits \u00e0 l\u2019h\u00e9bergement et au logement. En ce sens, deux recours juridiques pour non-assistance \u00e0 personnes mal-log\u00e9es engageant la responsabilit\u00e9 de l\u2019\u00c9tat ont \u00e9t\u00e9 port\u00e9s cette ann\u00e9e par le CAL.\u2009\u00bb<\/p>\n<p class=\" wall-content\">\u00c0 l\u2019aube de l\u2019examen du <a href=\"https:\/\/actu.fr\/economie\/deux-jours-feries-en-moins-des-2026-comment-le-gouvernement-vise-4-2-milliards-d-euros-d-economie_63019498.html\" rel=\"nofollow noopener\" target=\"_blank\">Projet de loi de finances pour 2026<\/a>, l\u2019Unicef et ses alli\u00e9s exhortent le gouvernement \u00ab\u2009\u00e0 augmenter le nombre de places d\u2019h\u00e9bergement adapt\u00e9es aux besoins des enfants et des familles et \u00e0 adopter une programmation pluriannuelle \u2018de la rue au logement\u2019, incluant un plan ambitieux de production de logements sociaux et tr\u00e8s sociaux\u2009\u00bb.<\/p>\n<p class=\" wall-content\">*En France, ils \u00e9taient au moins 2\u2009159\u00a0enfants \u2013 dont 503 de moins de 3\u00a0ans. Il s\u2019agit d\u2019une augmentation de pr\u00e8s de 6\u2009% par rapport \u00e0 2024 et de 30\u2009% par rapport \u00e0 2022.<\/p>\n<p class=\" wall-content\">Personnalisez votre actualit\u00e9 en ajoutant vos villes et m\u00e9dias en favori avec <a href=\"https:\/\/moncompte.actu.fr\" title=\"D\u00e9couvez Mon Actu\" rel=\"nofollow noopener\" data-trk=\"{&quot;cta&quot;:{&quot;action&quot;:&quot;https:\\\/\\\/moncompte.actu.fr&quot;,&quot;category&quot;:&quot;mon compte&quot;,&quot;from&quot;:&quot;article footer&quot;,&quot;name&quot;:&quot;Mon actu&quot;,&quot;type&quot;:&quot;cta&quot;}}\" target=\"_blank\">Mon Actu<\/a>.<\/p>\n","protected":false},"excerpt":{"rendered":"Par Julie Bossart Publi\u00e9 le 28 ao\u00fbt 2025 \u00e0 19h14 \u00ab\u2009Le constat est accablant.\u2009\u00bb Dans un communiqu\u00e9 publi\u00e9&hellip;\n","protected":false},"author":2,"featured_media":350387,"comment_status":"","ping_status":"","sticky":false,"template":"","format":"standard","meta":{"footnotes":""},"categories":[1592],"tags":[1111,11,1719,1777,674,1011,27,662,1908,12,626,4518,25,104],"class_list":{"0":"post-350386","1":"post","2":"type-post","3":"status-publish","4":"format-standard","5":"has-post-thumbnail","7":"category-ile-de-france","8":"tag-actu","9":"tag-actualites","10":"tag-enfants","11":"tag-eu","12":"tag-europe","13":"tag-fr","14":"tag-france","15":"tag-ile-de-france","16":"tag-logement","17":"tag-news","18":"tag-paris","19":"tag-pauvrete","20":"tag-republique-francaise","21":"tag-societe"},"share_on_mastodon":{"url":"https:\/\/pubeurope.com\/@fr\/115107610190050127","error":""},"_links":{"self":[{"href":"https:\/\/www.europesays.com\/fr\/wp-json\/wp\/v2\/posts\/350386","targetHints":{"allow":["GET"]}}],"collection":[{"href":"https:\/\/www.europesays.com\/fr\/wp-json\/wp\/v2\/posts"}],"about":[{"href":"https:\/\/www.europesays.com\/fr\/wp-json\/wp\/v2\/types\/post"}],"author":[{"embeddable":true,"href":"https:\/\/www.europesays.com\/fr\/wp-json\/wp\/v2\/users\/2"}],"replies":[{"embeddable":true,"href":"https:\/\/www.europesays.com\/fr\/wp-json\/wp\/v2\/comments?post=350386"}],"version-history":[{"count":0,"href":"https:\/\/www.europesays.com\/fr\/wp-json\/wp\/v2\/posts\/350386\/revisions"}],"wp:featuredmedia":[{"embeddable":true,"href":"https:\/\/www.europesays.com\/fr\/wp-json\/wp\/v2\/media\/350387"}],"wp:attachment":[{"href":"https:\/\/www.europesays.com\/fr\/wp-json\/wp\/v2\/media?parent=350386"}],"wp:term":[{"taxonomy":"category","embeddable":true,"href":"https:\/\/www.europesays.com\/fr\/wp-json\/wp\/v2\/categories?post=350386"},{"taxonomy":"post_tag","embeddable":true,"href":"https:\/\/www.europesays.com\/fr\/wp-json\/wp\/v2\/tags?post=350386"}],"curies":[{"name":"wp","href":"https:\/\/api.w.org\/{rel}","templated":true}]}}