{"id":35039,"date":"2025-04-18T22:33:10","date_gmt":"2025-04-18T22:33:10","guid":{"rendered":"https:\/\/www.europesays.com\/fr\/35039\/"},"modified":"2025-04-18T22:33:10","modified_gmt":"2025-04-18T22:33:10","slug":"franglish-lacte-ii-dun-show-rap-plein-denergie-au-dome-ce-samedi-19-avril","status":"publish","type":"post","link":"https:\/\/www.europesays.com\/fr\/35039\/","title":{"rendered":"Franglish, l&rsquo;acte II d&rsquo;un show rap plein d&rsquo;\u00e9nergie au D\u00f4me ce samedi 19 avril"},"content":{"rendered":"<p>Au fil des ann\u00e9es, Franglish est de plus en plus chez lui au D\u00f4me, \u00e0 Marseille, o\u00f9 on l\u2019avait vu assurer la premi\u00e8re partie de Dadju. Depuis, le succ\u00e8s de l\u2019artiste francilien s\u2019est confirm\u00e9, jusqu\u2019\u00e0 devenir une r\u00e9f\u00e9rence de la sc\u00e8ne rap francophone. C\u2019est aur\u00e9ol\u00e9 de ce statut que l\u2019artiste <a href=\"https:\/\/www.laprovence.com\/article\/culture-loisirs\/20454829668821\/franglish-au-dome-de-marseille-le-show-dans-la-peau\" target=\"_blank\" rel=\"nofollow noopener\">avait fait le show en f\u00e9vrier\u00a02024<\/a> dans la grande salle de St-Just, face \u00e0 des milliers de fans. Ils sont encore attendus en nombre ce samedi soir pour le retour de \u00ab\u00a0Glish\u00a0\u00bb, qui nous avait d\u00e9crit, il y a quelques semaines, son enthousiasme \u00e0 l\u2019approche de ce nouveau rendez-vous marseillais.<\/p>\n","protected":false},"excerpt":{"rendered":"Au fil des ann\u00e9es, Franglish est de plus en plus chez lui au D\u00f4me, \u00e0 Marseille, o\u00f9 on&hellip;\n","protected":false},"author":2,"featured_media":35040,"comment_status":"","ping_status":"","sticky":false,"template":"","format":"standard","meta":{"footnotes":""},"categories":[2814],"tags":[17,1111,11,251,11389,11390,1777,674,1011,27,11387,884,12,11388,882,3616,25,9905],"class_list":{"0":"post-35039","1":"post","2":"type-post","3":"status-publish","4":"format-standard","5":"has-post-thumbnail","7":"category-marseille","8":"tag-17","9":"tag-actu","10":"tag-actualites","11":"tag-culture","12":"tag-denergie","13":"tag-dome","14":"tag-eu","15":"tag-europe","16":"tag-fr","17":"tag-france","18":"tag-franglish","19":"tag-marseille","20":"tag-news","21":"tag-plein","22":"tag-provence-alpes-cote-dazur","23":"tag-rap","24":"tag-republique-francaise","25":"tag-show"},"share_on_mastodon":{"url":"https:\/\/pubeurope.com\/@fr\/114361349162034124","error":""},"_links":{"self":[{"href":"https:\/\/www.europesays.com\/fr\/wp-json\/wp\/v2\/posts\/35039","targetHints":{"allow":["GET"]}}],"collection":[{"href":"https:\/\/www.europesays.com\/fr\/wp-json\/wp\/v2\/posts"}],"about":[{"href":"https:\/\/www.europesays.com\/fr\/wp-json\/wp\/v2\/types\/post"}],"author":[{"embeddable":true,"href":"https:\/\/www.europesays.com\/fr\/wp-json\/wp\/v2\/users\/2"}],"replies":[{"embeddable":true,"href":"https:\/\/www.europesays.com\/fr\/wp-json\/wp\/v2\/comments?post=35039"}],"version-history":[{"count":0,"href":"https:\/\/www.europesays.com\/fr\/wp-json\/wp\/v2\/posts\/35039\/revisions"}],"wp:featuredmedia":[{"embeddable":true,"href":"https:\/\/www.europesays.com\/fr\/wp-json\/wp\/v2\/media\/35040"}],"wp:attachment":[{"href":"https:\/\/www.europesays.com\/fr\/wp-json\/wp\/v2\/media?parent=35039"}],"wp:term":[{"taxonomy":"category","embeddable":true,"href":"https:\/\/www.europesays.com\/fr\/wp-json\/wp\/v2\/categories?post=35039"},{"taxonomy":"post_tag","embeddable":true,"href":"https:\/\/www.europesays.com\/fr\/wp-json\/wp\/v2\/tags?post=35039"}],"curies":[{"name":"wp","href":"https:\/\/api.w.org\/{rel}","templated":true}]}}